{"id":9555,"date":"2025-10-28T11:45:00","date_gmt":"2025-10-28T11:45:00","guid":{"rendered":"https:\/\/www.abchukuk.com\/index.php\/2025\/10\/28\/resmi-gazetede-yayimlandi-dava-masraflarinda-buyuk-degisiklik\/"},"modified":"2025-10-28T11:45:00","modified_gmt":"2025-10-28T11:45:00","slug":"resmi-gazetede-yayimlandi-dava-masraflarinda-buyuk-degisiklik","status":"publish","type":"post","link":"https:\/\/www.abchukuk.com\/index.php\/2025\/10\/28\/resmi-gazetede-yayimlandi-dava-masraflarinda-buyuk-degisiklik\/","title":{"rendered":"Resmi Gazete&#8217;de yay\u0131mland\u0131: Dava masraflar\u0131nda b\u00fcy\u00fck de\u011fi\u015fiklik!"},"content":{"rendered":"<p>Adalet Bakanl\u0131\u011f\u0131, yarg\u0131 s\u00fcre\u00e7lerinde uygulanacak yeni \u00fccret tarifelerini duyurdu. Resmi Gazete\u2019de yay\u0131mlanan d\u00fczenlemelerle, dava ve tan\u0131kl\u0131k giderlerinde kapsaml\u0131 de\u011fi\u015fiklikler yap\u0131ld\u0131. Yeni tarifeler bug\u00fcnden itibaren y\u00fcr\u00fcrl\u00fc\u011fe girdi.Adalet Bakanl\u0131\u011f\u0131, yarg\u0131 s\u00fcre\u00e7lerinde uygulanacak yeni \u00fccret tarifelerini duyurdu. Resmi Gazete\u2019de yay\u0131mlanan d\u00fczenlemelerle, dava ve tan\u0131kl\u0131k giderlerinde kapsaml\u0131 de\u011fi\u015fiklikler yap\u0131ld\u0131. Yeni tarifeler bug\u00fcnden itibaren y\u00fcr\u00fcrl\u00fc\u011fe girdi.\u00a0<a href=\"https:\/\/www.cumhuriyet.com.tr\/ekonomi\/resmi-gazete-de-yayimlandi-dava-masraflarinda-buyuk-degisiklik-2447693\" target=\"_blank\" class=\"feedzy-rss-link-icon\">Read More<\/a><\/p>","protected":false},"excerpt":{"rendered":"<p>Adalet Bakanl\u0131\u011f\u0131, yarg\u0131 s\u00fcre\u00e7lerinde uygulanacak yeni \u00fccret tarifelerini duyurdu. Resmi Gazete\u2019de yay\u0131mlanan d\u00fczenlemelerle, dava ve tan\u0131kl\u0131k giderlerinde kapsaml\u0131 de\u011fi\u015fiklikler yap\u0131ld\u0131. Yeni tarifeler bug\u00fcnden itibaren y\u00fcr\u00fcrl\u00fc\u011fe girdi.Adalet Bakanl\u0131\u011f\u0131, yarg\u0131 s\u00fcre\u00e7lerinde uygulanacak yeni \u00fccret tarifelerini duyurdu. Resmi Gazete\u2019de yay\u0131mlanan d\u00fczenlemelerle, dava ve tan\u0131kl\u0131k giderlerinde kapsaml\u0131 de\u011fi\u015fiklikler yap\u0131ld\u0131. Yeni tarifeler bug\u00fcnden itibaren y\u00fcr\u00fcrl\u00fc\u011fe girdi.\u00a0Read More<\/p>\n","protected":false},"author":1,"featured_media":9556,"comment_status":"open","ping_status":"open","sticky":false,"template":"","format":"standard","meta":{"footnotes":"","_links_to":"","_links_to_target":""},"categories":[1],"tags":[],"class_list":["post-9555","post","type-post","status-publish","format-standard","has-post-thumbnail","hentry","category-haberler"],"_links":{"self":[{"href":"https:\/\/www.abchukuk.com\/index.php\/wp-json\/wp\/v2\/posts\/9555","targetHints":{"allow":["GET"]}}],"collection":[{"href":"https:\/\/www.abchukuk.com\/index.php\/wp-json\/wp\/v2\/posts"}],"about":[{"href":"https:\/\/www.abchukuk.com\/index.php\/wp-json\/wp\/v2\/types\/post"}],"author":[{"embeddable":true,"href":"https:\/\/www.abchukuk.com\/index.php\/wp-json\/wp\/v2\/users\/1"}],"replies":[{"embeddable":true,"href":"https:\/\/www.abchukuk.com\/index.php\/wp-json\/wp\/v2\/comments?post=9555"}],"version-history":[{"count":0,"href":"https:\/\/www.abchukuk.com\/index.php\/wp-json\/wp\/v2\/posts\/9555\/revisions"}],"wp:featuredmedia":[{"embeddable":true,"href":"https:\/\/www.abchukuk.com\/index.php\/wp-json\/wp\/v2\/media\/9556"}],"wp:attachment":[{"href":"https:\/\/www.abchukuk.com\/index.php\/wp-json\/wp\/v2\/media?parent=9555"}],"wp:term":[{"taxonomy":"category","embeddable":true,"href":"https:\/\/www.abchukuk.com\/index.php\/wp-json\/wp\/v2\/categories?post=9555"},{"taxonomy":"post_tag","embeddable":true,"href":"https:\/\/www.abchukuk.com\/index.php\/wp-json\/wp\/v2\/tags?post=9555"}],"curies":[{"name":"wp","href":"https:\/\/api.w.org\/{rel}","templated":true}]}}