{"id":9550,"date":"2025-10-28T10:30:23","date_gmt":"2025-10-28T10:30:23","guid":{"rendered":"https:\/\/www.abchukuk.com\/index.php\/2025\/10\/28\/istanbul-anadolu-cumhuriyet-bassavciligi-harekete-gecti-minguzzi-cinayeti-karariyla-ilgili-yeni-gelisme\/"},"modified":"2025-10-28T10:30:23","modified_gmt":"2025-10-28T10:30:23","slug":"istanbul-anadolu-cumhuriyet-bassavciligi-harekete-gecti-minguzzi-cinayeti-karariyla-ilgili-yeni-gelisme","status":"publish","type":"post","link":"https:\/\/www.abchukuk.com\/index.php\/2025\/10\/28\/istanbul-anadolu-cumhuriyet-bassavciligi-harekete-gecti-minguzzi-cinayeti-karariyla-ilgili-yeni-gelisme\/","title":{"rendered":"\u0130stanbul Anadolu Cumhuriyet Ba\u015fsavc\u0131l\u0131\u011f\u0131  harekete ge\u00e7ti: Minguzzi cinayeti karar\u0131yla ilgili yeni geli\u015fme"},"content":{"rendered":"<p>\u0130stanbul Anadolu Cumhuriyet Ba\u015fsavc\u0131l\u0131\u011f\u0131, Ahmet Minguzzi&#8217;nin \u00f6ld\u00fcr\u00fclmesine ili\u015fkin davada iki &#8216;su\u00e7a s\u00fcr\u00fcklenen \u00e7ocu\u011fa&#8217; verilen tahliye ve beraat karar\u0131n\u0131 \u0130stinaf Mahkemesi&#8217;ne ta\u015f\u0131d\u0131.\u0130stanbul Anadolu Cumhuriyet Ba\u015fsavc\u0131l\u0131\u011f\u0131, Ahmet Minguzzi&#8217;nin \u00f6ld\u00fcr\u00fclmesine ili\u015fkin davada iki &#8216;su\u00e7a s\u00fcr\u00fcklenen \u00e7ocu\u011fa&#8217; verilen tahliye ve beraat karar\u0131n\u0131 \u0130stinaf Mahkemesi&#8217;ne ta\u015f\u0131d\u0131.\u00a0<a href=\"https:\/\/anlatilaninotesi.com.tr\/20251028\/istanbul-anadolu-cumhuriyet-bassavciligi--harekete-gecti-minguzzi-cinayeti-kararini-istinafa-tasidi-1100543045.html\" target=\"_blank\" class=\"feedzy-rss-link-icon\">Read More<\/a><\/p>","protected":false},"excerpt":{"rendered":"<p>\u0130stanbul Anadolu Cumhuriyet Ba\u015fsavc\u0131l\u0131\u011f\u0131, Ahmet Minguzzi&#8217;nin \u00f6ld\u00fcr\u00fclmesine ili\u015fkin davada iki &#8216;su\u00e7a s\u00fcr\u00fcklenen \u00e7ocu\u011fa&#8217; verilen tahliye ve beraat karar\u0131n\u0131 \u0130stinaf Mahkemesi&#8217;ne ta\u015f\u0131d\u0131.\u0130stanbul Anadolu Cumhuriyet Ba\u015fsavc\u0131l\u0131\u011f\u0131, Ahmet Minguzzi&#8217;nin \u00f6ld\u00fcr\u00fclmesine ili\u015fkin davada iki &#8216;su\u00e7a s\u00fcr\u00fcklenen \u00e7ocu\u011fa&#8217; verilen tahliye ve beraat karar\u0131n\u0131 \u0130stinaf Mahkemesi&#8217;ne ta\u015f\u0131d\u0131.\u00a0Read More<\/p>\n","protected":false},"author":1,"featured_media":0,"comment_status":"open","ping_status":"open","sticky":false,"template":"","format":"standard","meta":{"footnotes":"","_links_to":"","_links_to_target":""},"categories":[1],"tags":[],"class_list":["post-9550","post","type-post","status-publish","format-standard","hentry","category-haberler"],"_links":{"self":[{"href":"https:\/\/www.abchukuk.com\/index.php\/wp-json\/wp\/v2\/posts\/9550","targetHints":{"allow":["GET"]}}],"collection":[{"href":"https:\/\/www.abchukuk.com\/index.php\/wp-json\/wp\/v2\/posts"}],"about":[{"href":"https:\/\/www.abchukuk.com\/index.php\/wp-json\/wp\/v2\/types\/post"}],"author":[{"embeddable":true,"href":"https:\/\/www.abchukuk.com\/index.php\/wp-json\/wp\/v2\/users\/1"}],"replies":[{"embeddable":true,"href":"https:\/\/www.abchukuk.com\/index.php\/wp-json\/wp\/v2\/comments?post=9550"}],"version-history":[{"count":0,"href":"https:\/\/www.abchukuk.com\/index.php\/wp-json\/wp\/v2\/posts\/9550\/revisions"}],"wp:attachment":[{"href":"https:\/\/www.abchukuk.com\/index.php\/wp-json\/wp\/v2\/media?parent=9550"}],"wp:term":[{"taxonomy":"category","embeddable":true,"href":"https:\/\/www.abchukuk.com\/index.php\/wp-json\/wp\/v2\/categories?post=9550"},{"taxonomy":"post_tag","embeddable":true,"href":"https:\/\/www.abchukuk.com\/index.php\/wp-json\/wp\/v2\/tags?post=9550"}],"curies":[{"name":"wp","href":"https:\/\/api.w.org\/{rel}","templated":true}]}}