{"id":9549,"date":"2025-10-28T08:51:47","date_gmt":"2025-10-28T08:51:47","guid":{"rendered":"https:\/\/www.abchukuk.com\/index.php\/2025\/10\/28\/turkiye-2025-yilinda-hukuk-ustunlugu-endeksinde-bir-sira-gerileyerek-143-ulke-arasinda-118-sirada-yer-aldi\/"},"modified":"2025-10-28T08:51:47","modified_gmt":"2025-10-28T08:51:47","slug":"turkiye-2025-yilinda-hukuk-ustunlugu-endeksinde-bir-sira-gerileyerek-143-ulke-arasinda-118-sirada-yer-aldi","status":"publish","type":"post","link":"https:\/\/www.abchukuk.com\/index.php\/2025\/10\/28\/turkiye-2025-yilinda-hukuk-ustunlugu-endeksinde-bir-sira-gerileyerek-143-ulke-arasinda-118-sirada-yer-aldi\/","title":{"rendered":"T\u00fcrkiye, 2025 y\u0131l\u0131nda hukuk \u00fcst\u00fcnl\u00fc\u011f\u00fc endeksinde bir s\u0131ra gerileyerek 143 \u00fclke aras\u0131nda 118. s\u0131rada yer ald\u0131"},"content":{"rendered":"<p>Endeks verilerine g\u00f6re T\u00fcrkiye, son on y\u0131lda Hukukun \u00dcst\u00fcnl\u00fc\u011f\u00fc Endeksi\u2019nde ciddi bir gerileme ya\u015fad\u0131. 2015\u2019te 80. s\u0131rada bulunan T\u00fcrkiye, her y\u0131l g\u00f6sterdi\u011fi d\u00fc\u015f\u00fc\u015f e\u011filimi ile 38 s\u0131ra kaybetti.Endeks verilerine g\u00f6re T\u00fcrkiye, son on y\u0131lda Hukukun \u00dcst\u00fcnl\u00fc\u011f\u00fc Endeksi\u2019nde ciddi bir gerileme ya\u015fad\u0131. 2015\u2019te 80. s\u0131rada bulunan T\u00fcrkiye, her y\u0131l g\u00f6sterdi\u011fi d\u00fc\u015f\u00fc\u015f e\u011filimi ile 38 s\u0131ra kaybetti.\u00a0<a href=\"http:\/\/tr.euronews.com\/2025\/10\/28\/turkiye-2025-yilinda-hukuk-ustunlugu-endeksinde-bir-sira-gerileyerek-143-ulke-arasinda-118\" target=\"_blank\" class=\"feedzy-rss-link-icon\">Read More<\/a><\/p>","protected":false},"excerpt":{"rendered":"<p>Endeks verilerine g\u00f6re T\u00fcrkiye, son on y\u0131lda Hukukun \u00dcst\u00fcnl\u00fc\u011f\u00fc Endeksi\u2019nde ciddi bir gerileme ya\u015fad\u0131. 2015\u2019te 80. s\u0131rada bulunan T\u00fcrkiye, her y\u0131l g\u00f6sterdi\u011fi d\u00fc\u015f\u00fc\u015f e\u011filimi ile 38 s\u0131ra kaybetti.Endeks verilerine g\u00f6re T\u00fcrkiye, son on y\u0131lda Hukukun \u00dcst\u00fcnl\u00fc\u011f\u00fc Endeksi\u2019nde ciddi bir gerileme ya\u015fad\u0131. 2015\u2019te 80. s\u0131rada bulunan T\u00fcrkiye, her y\u0131l g\u00f6sterdi\u011fi d\u00fc\u015f\u00fc\u015f e\u011filimi ile 38 s\u0131ra kaybetti.\u00a0Read [&hellip;]<\/p>\n","protected":false},"author":1,"featured_media":0,"comment_status":"open","ping_status":"open","sticky":false,"template":"","format":"standard","meta":{"footnotes":"","_links_to":"","_links_to_target":""},"categories":[1],"tags":[],"class_list":["post-9549","post","type-post","status-publish","format-standard","hentry","category-haberler"],"_links":{"self":[{"href":"https:\/\/www.abchukuk.com\/index.php\/wp-json\/wp\/v2\/posts\/9549","targetHints":{"allow":["GET"]}}],"collection":[{"href":"https:\/\/www.abchukuk.com\/index.php\/wp-json\/wp\/v2\/posts"}],"about":[{"href":"https:\/\/www.abchukuk.com\/index.php\/wp-json\/wp\/v2\/types\/post"}],"author":[{"embeddable":true,"href":"https:\/\/www.abchukuk.com\/index.php\/wp-json\/wp\/v2\/users\/1"}],"replies":[{"embeddable":true,"href":"https:\/\/www.abchukuk.com\/index.php\/wp-json\/wp\/v2\/comments?post=9549"}],"version-history":[{"count":0,"href":"https:\/\/www.abchukuk.com\/index.php\/wp-json\/wp\/v2\/posts\/9549\/revisions"}],"wp:attachment":[{"href":"https:\/\/www.abchukuk.com\/index.php\/wp-json\/wp\/v2\/media?parent=9549"}],"wp:term":[{"taxonomy":"category","embeddable":true,"href":"https:\/\/www.abchukuk.com\/index.php\/wp-json\/wp\/v2\/categories?post=9549"},{"taxonomy":"post_tag","embeddable":true,"href":"https:\/\/www.abchukuk.com\/index.php\/wp-json\/wp\/v2\/tags?post=9549"}],"curies":[{"name":"wp","href":"https:\/\/api.w.org\/{rel}","templated":true}]}}