{"id":9535,"date":"2025-10-28T08:26:00","date_gmt":"2025-10-28T08:26:00","guid":{"rendered":"https:\/\/www.abchukuk.com\/index.php\/2025\/10\/28\/hacettepe-universitesinde-palali-saldiri-yarali-ogrenciler-hastanede-gozaltina-alindi\/"},"modified":"2025-10-28T08:26:00","modified_gmt":"2025-10-28T08:26:00","slug":"hacettepe-universitesinde-palali-saldiri-yarali-ogrenciler-hastanede-gozaltina-alindi","status":"publish","type":"post","link":"https:\/\/www.abchukuk.com\/index.php\/2025\/10\/28\/hacettepe-universitesinde-palali-saldiri-yarali-ogrenciler-hastanede-gozaltina-alindi\/","title":{"rendered":"Hacettepe \u00dcniversitesi&#8217;nde palal\u0131 sald\u0131r\u0131: Yaral\u0131 \u00f6\u011frenciler hastanede g\u00f6zalt\u0131na al\u0131nd\u0131!"},"content":{"rendered":"<p>Hacettepe \u00dcniversitesi Beytepe Kamp\u00fcs\u00fc&#8217;nde d\u00fcn kar maskeli bir grup, elinde palalarla \u00f6\u011frencilere sald\u0131rm\u0131\u015ft\u0131. Ya\u015fanan olayda yaralanan ve tedavi i\u00e7in hastaneye giden 44 \u00f6\u011frenci g\u00f6zalt\u0131na al\u0131nd\u0131.Hacettepe \u00dcniversitesi Beytepe Kamp\u00fcs\u00fc&#8217;nde d\u00fcn kar maskeli bir grup, elinde palalarla \u00f6\u011frencilere sald\u0131rm\u0131\u015ft\u0131. Ya\u015fanan olayda yaralanan ve tedavi i\u00e7in hastaneye giden 44 \u00f6\u011frenci g\u00f6zalt\u0131na al\u0131nd\u0131.\u00a0<a href=\"https:\/\/www.cumhuriyet.com.tr\/turkiye\/hacettepe-universitesi-nde-palali-saldiri-yarali-ogrenciler-hastanede-gozaltina-alindi-2447626\" target=\"_blank\" class=\"feedzy-rss-link-icon\">Read More<\/a><\/p>","protected":false},"excerpt":{"rendered":"<p>Hacettepe \u00dcniversitesi Beytepe Kamp\u00fcs\u00fc&#8217;nde d\u00fcn kar maskeli bir grup, elinde palalarla \u00f6\u011frencilere sald\u0131rm\u0131\u015ft\u0131. Ya\u015fanan olayda yaralanan ve tedavi i\u00e7in hastaneye giden 44 \u00f6\u011frenci g\u00f6zalt\u0131na al\u0131nd\u0131.Hacettepe \u00dcniversitesi Beytepe Kamp\u00fcs\u00fc&#8217;nde d\u00fcn kar maskeli bir grup, elinde palalarla \u00f6\u011frencilere sald\u0131rm\u0131\u015ft\u0131. Ya\u015fanan olayda yaralanan ve tedavi i\u00e7in hastaneye giden 44 \u00f6\u011frenci g\u00f6zalt\u0131na al\u0131nd\u0131.\u00a0Read More<\/p>\n","protected":false},"author":1,"featured_media":9536,"comment_status":"open","ping_status":"open","sticky":false,"template":"","format":"standard","meta":{"footnotes":"","_links_to":"","_links_to_target":""},"categories":[1],"tags":[],"class_list":["post-9535","post","type-post","status-publish","format-standard","has-post-thumbnail","hentry","category-haberler"],"_links":{"self":[{"href":"https:\/\/www.abchukuk.com\/index.php\/wp-json\/wp\/v2\/posts\/9535","targetHints":{"allow":["GET"]}}],"collection":[{"href":"https:\/\/www.abchukuk.com\/index.php\/wp-json\/wp\/v2\/posts"}],"about":[{"href":"https:\/\/www.abchukuk.com\/index.php\/wp-json\/wp\/v2\/types\/post"}],"author":[{"embeddable":true,"href":"https:\/\/www.abchukuk.com\/index.php\/wp-json\/wp\/v2\/users\/1"}],"replies":[{"embeddable":true,"href":"https:\/\/www.abchukuk.com\/index.php\/wp-json\/wp\/v2\/comments?post=9535"}],"version-history":[{"count":0,"href":"https:\/\/www.abchukuk.com\/index.php\/wp-json\/wp\/v2\/posts\/9535\/revisions"}],"wp:featuredmedia":[{"embeddable":true,"href":"https:\/\/www.abchukuk.com\/index.php\/wp-json\/wp\/v2\/media\/9536"}],"wp:attachment":[{"href":"https:\/\/www.abchukuk.com\/index.php\/wp-json\/wp\/v2\/media?parent=9535"}],"wp:term":[{"taxonomy":"category","embeddable":true,"href":"https:\/\/www.abchukuk.com\/index.php\/wp-json\/wp\/v2\/categories?post=9535"},{"taxonomy":"post_tag","embeddable":true,"href":"https:\/\/www.abchukuk.com\/index.php\/wp-json\/wp\/v2\/tags?post=9535"}],"curies":[{"name":"wp","href":"https:\/\/api.w.org\/{rel}","templated":true}]}}