{"id":9532,"date":"2025-10-28T07:26:44","date_gmt":"2025-10-28T07:26:44","guid":{"rendered":"https:\/\/www.abchukuk.com\/index.php\/2025\/10\/28\/ankarada-deas-operasyonu-13-supheli-hakkinda-gozalti-karari\/"},"modified":"2025-10-28T07:26:44","modified_gmt":"2025-10-28T07:26:44","slug":"ankarada-deas-operasyonu-13-supheli-hakkinda-gozalti-karari","status":"publish","type":"post","link":"https:\/\/www.abchukuk.com\/index.php\/2025\/10\/28\/ankarada-deas-operasyonu-13-supheli-hakkinda-gozalti-karari\/","title":{"rendered":"Ankara\u2019da DEA\u015e operasyonu: 13 \u015f\u00fcpheli hakk\u0131nda g\u00f6zalt\u0131 karar\u0131"},"content":{"rendered":"<p>Ankara Cumhuriyet Ba\u015fsavc\u0131l\u0131\u011f\u0131 Ter\u00f6r Su\u00e7lar\u0131 Soru\u015fturma B\u00fcrosu taraf\u0131ndan y\u00fcr\u00fct\u00fclen soru\u015fturma kapsam\u0131nda, \u00e7at\u0131\u015fma b\u00f6lgeleriyle irtibatl\u0131 olan ve DEA\u015e silahl\u0131 ter\u00f6r \u00f6rg\u00fct\u00fc \u00fcyesi olduklar\u0131 tespit edilen yabanc\u0131 uyruklu 13 \u015f\u00fcpheli hakk\u0131nda g\u00f6zalt\u0131 karar\u0131 verildi.<\/p>\n<p>\u015e\u00fcphelilerin yakalanmas\u0131na y\u00f6nelik \u00e7al\u0131\u015fmalara Ankara \u0130l Emniyet M\u00fcd\u00fcrl\u00fc\u011f\u00fc Ter\u00f6rle M\u00fccadele \u015eube M\u00fcd\u00fcrl\u00fc\u011f\u00fc ekiplerince devam ediliyor.<\/p>\n<p>Ankara Cumhuriyet Ba\u015fsavc\u0131l\u0131\u011f\u0131 Ter\u00f6r Su\u00e7lar\u0131 Soru\u015fturma B\u00fcrosu taraf\u0131ndan y\u00fcr\u00fct\u00fclen soru\u015fturma kapsam\u0131nda, DEA\u015e silahl\u0131 ter\u00f6r \u00f6rg\u00fct\u00fc \u00fcyesi oldu\u011fu tespit edilen 13 \u015f\u00fcpheli hakk\u0131nda g\u00f6zalt\u0131 karar\u0131 verildi.\u00a0<a href=\"https:\/\/www.son.tv\/ankarada-deas-operasyonu-13-supheli-hakkinda-gozalti-karari\/\" target=\"_blank\" class=\"feedzy-rss-link-icon\">Read More<\/a><\/p>","protected":false},"excerpt":{"rendered":"<p>Ankara Cumhuriyet Ba\u015fsavc\u0131l\u0131\u011f\u0131 Ter\u00f6r Su\u00e7lar\u0131 Soru\u015fturma B\u00fcrosu taraf\u0131ndan y\u00fcr\u00fct\u00fclen soru\u015fturma kapsam\u0131nda, \u00e7at\u0131\u015fma b\u00f6lgeleriyle irtibatl\u0131 olan ve DEA\u015e silahl\u0131 ter\u00f6r \u00f6rg\u00fct\u00fc \u00fcyesi olduklar\u0131 tespit edilen yabanc\u0131 uyruklu 13 \u015f\u00fcpheli hakk\u0131nda g\u00f6zalt\u0131 karar\u0131 verildi. \u015e\u00fcphelilerin yakalanmas\u0131na y\u00f6nelik \u00e7al\u0131\u015fmalara Ankara \u0130l Emniyet M\u00fcd\u00fcrl\u00fc\u011f\u00fc Ter\u00f6rle M\u00fccadele \u015eube M\u00fcd\u00fcrl\u00fc\u011f\u00fc ekiplerince devam ediliyor. Ankara Cumhuriyet Ba\u015fsavc\u0131l\u0131\u011f\u0131 Ter\u00f6r Su\u00e7lar\u0131 Soru\u015fturma B\u00fcrosu taraf\u0131ndan [&hellip;]<\/p>\n","protected":false},"author":1,"featured_media":0,"comment_status":"open","ping_status":"open","sticky":false,"template":"","format":"standard","meta":{"footnotes":"","_links_to":"","_links_to_target":""},"categories":[1],"tags":[],"class_list":["post-9532","post","type-post","status-publish","format-standard","hentry","category-haberler"],"_links":{"self":[{"href":"https:\/\/www.abchukuk.com\/index.php\/wp-json\/wp\/v2\/posts\/9532","targetHints":{"allow":["GET"]}}],"collection":[{"href":"https:\/\/www.abchukuk.com\/index.php\/wp-json\/wp\/v2\/posts"}],"about":[{"href":"https:\/\/www.abchukuk.com\/index.php\/wp-json\/wp\/v2\/types\/post"}],"author":[{"embeddable":true,"href":"https:\/\/www.abchukuk.com\/index.php\/wp-json\/wp\/v2\/users\/1"}],"replies":[{"embeddable":true,"href":"https:\/\/www.abchukuk.com\/index.php\/wp-json\/wp\/v2\/comments?post=9532"}],"version-history":[{"count":0,"href":"https:\/\/www.abchukuk.com\/index.php\/wp-json\/wp\/v2\/posts\/9532\/revisions"}],"wp:attachment":[{"href":"https:\/\/www.abchukuk.com\/index.php\/wp-json\/wp\/v2\/media?parent=9532"}],"wp:term":[{"taxonomy":"category","embeddable":true,"href":"https:\/\/www.abchukuk.com\/index.php\/wp-json\/wp\/v2\/categories?post=9532"},{"taxonomy":"post_tag","embeddable":true,"href":"https:\/\/www.abchukuk.com\/index.php\/wp-json\/wp\/v2\/tags?post=9532"}],"curies":[{"name":"wp","href":"https:\/\/api.w.org\/{rel}","templated":true}]}}