{"id":9526,"date":"2025-10-28T06:02:00","date_gmt":"2025-10-28T06:02:00","guid":{"rendered":"https:\/\/www.abchukuk.com\/index.php\/2025\/10\/28\/ankarada-iside-yonelik-operasyon-13-gozalti-karari\/"},"modified":"2025-10-28T06:02:00","modified_gmt":"2025-10-28T06:02:00","slug":"ankarada-iside-yonelik-operasyon-13-gozalti-karari","status":"publish","type":"post","link":"https:\/\/www.abchukuk.com\/index.php\/2025\/10\/28\/ankarada-iside-yonelik-operasyon-13-gozalti-karari\/","title":{"rendered":"Ankara&#8217;da I\u015e\u0130D\u2019e Y\u00f6nelik Operasyon! 13 G\u00f6zalt\u0131 Karar\u0131"},"content":{"rendered":"<p><a href=\"https:\/\/www.gercekgundem.com\/guncel\/ankarada-iside-yonelik-operasyon-13-gozalti-karari-561043\"><br \/>\n                                                            <img decoding=\"async\" src=\"https:\/\/i.gercekgundem.com\/2\/150\/84\/storage\/files\/images\/2025\/10\/28\/ankarada-iside-yonelik-operasyon-13-gozalti-karari-bil0.jpg\" width=\"150\" height=\"84\" border=\"0\" align=\"right\" \/><br \/>\n                                                    <\/a><\/p>\n<h4>Ankara&#8217;da ter\u00f6r \u00f6rg\u00fct\u00fc I\u015e\u0130D&#8217;e y\u00f6nelik soru\u015fturma kapsam\u0131nda 13 \u015f\u00fcpheli hakk\u0131nda g\u00f6zalt\u0131 karar\u0131 verildi.<\/h4>\n<p>Ankara&#8217;da ter\u00f6r \u00f6rg\u00fct\u00fc I\u015e\u0130D&#8217;e y\u00f6nelik soru\u015fturma kapsam\u0131nda 13 \u015f\u00fcpheli hakk\u0131nda g\u00f6zalt\u0131 karar\u0131 verildi.\u00a0<a href=\"https:\/\/www.gercekgundem.com\/guncel\/ankarada-iside-yonelik-operasyon-13-gozalti-karari-561043\" target=\"_blank\" class=\"feedzy-rss-link-icon\">Read More<\/a><\/p>","protected":false},"excerpt":{"rendered":"<p>Ankara&#8217;da ter\u00f6r \u00f6rg\u00fct\u00fc I\u015e\u0130D&#8217;e y\u00f6nelik soru\u015fturma kapsam\u0131nda 13 \u015f\u00fcpheli hakk\u0131nda g\u00f6zalt\u0131 karar\u0131 verildi. Ankara&#8217;da ter\u00f6r \u00f6rg\u00fct\u00fc I\u015e\u0130D&#8217;e y\u00f6nelik soru\u015fturma kapsam\u0131nda 13 \u015f\u00fcpheli hakk\u0131nda g\u00f6zalt\u0131 karar\u0131 verildi.\u00a0Read More<\/p>\n","protected":false},"author":1,"featured_media":9527,"comment_status":"open","ping_status":"open","sticky":false,"template":"","format":"standard","meta":{"footnotes":"","_links_to":"","_links_to_target":""},"categories":[1],"tags":[],"class_list":["post-9526","post","type-post","status-publish","format-standard","has-post-thumbnail","hentry","category-haberler"],"_links":{"self":[{"href":"https:\/\/www.abchukuk.com\/index.php\/wp-json\/wp\/v2\/posts\/9526","targetHints":{"allow":["GET"]}}],"collection":[{"href":"https:\/\/www.abchukuk.com\/index.php\/wp-json\/wp\/v2\/posts"}],"about":[{"href":"https:\/\/www.abchukuk.com\/index.php\/wp-json\/wp\/v2\/types\/post"}],"author":[{"embeddable":true,"href":"https:\/\/www.abchukuk.com\/index.php\/wp-json\/wp\/v2\/users\/1"}],"replies":[{"embeddable":true,"href":"https:\/\/www.abchukuk.com\/index.php\/wp-json\/wp\/v2\/comments?post=9526"}],"version-history":[{"count":0,"href":"https:\/\/www.abchukuk.com\/index.php\/wp-json\/wp\/v2\/posts\/9526\/revisions"}],"wp:featuredmedia":[{"embeddable":true,"href":"https:\/\/www.abchukuk.com\/index.php\/wp-json\/wp\/v2\/media\/9527"}],"wp:attachment":[{"href":"https:\/\/www.abchukuk.com\/index.php\/wp-json\/wp\/v2\/media?parent=9526"}],"wp:term":[{"taxonomy":"category","embeddable":true,"href":"https:\/\/www.abchukuk.com\/index.php\/wp-json\/wp\/v2\/categories?post=9526"},{"taxonomy":"post_tag","embeddable":true,"href":"https:\/\/www.abchukuk.com\/index.php\/wp-json\/wp\/v2\/tags?post=9526"}],"curies":[{"name":"wp","href":"https:\/\/api.w.org\/{rel}","templated":true}]}}