{"id":9521,"date":"2025-10-28T05:33:00","date_gmt":"2025-10-28T05:33:00","guid":{"rendered":"https:\/\/www.abchukuk.com\/index.php\/2025\/10\/28\/isid-uyesi-olduklari-belirlendi-13-zanli-hakkinda-gozalti-karari\/"},"modified":"2025-10-28T05:33:00","modified_gmt":"2025-10-28T05:33:00","slug":"isid-uyesi-olduklari-belirlendi-13-zanli-hakkinda-gozalti-karari","status":"publish","type":"post","link":"https:\/\/www.abchukuk.com\/index.php\/2025\/10\/28\/isid-uyesi-olduklari-belirlendi-13-zanli-hakkinda-gozalti-karari\/","title":{"rendered":"I\u015e\u0130D \u00fcyesi olduklar\u0131 belirlendi&#8230; 13 zanl\u0131 hakk\u0131nda g\u00f6zalt\u0131 karar\u0131!"},"content":{"rendered":"<p>Ankara Cumhuriyet Ba\u015fsavc\u0131l\u0131\u011f\u0131 taraf\u0131ndan y\u00fcr\u00fct\u00fclen soru\u015fturma kapsam\u0131nda, \u00e7at\u0131\u015fma b\u00f6lgeleriyle irtibatl\u0131 olduklar\u0131 belirlenen I\u015e\u0130D silahl\u0131 ter\u00f6r \u00f6rg\u00fct\u00fc \u00fcyesi 13 yabanc\u0131 uyruklu \u015f\u00fcpheli hakk\u0131nda g\u00f6zalt\u0131 karar\u0131 verildi.Ankara Cumhuriyet Ba\u015fsavc\u0131l\u0131\u011f\u0131 taraf\u0131ndan y\u00fcr\u00fct\u00fclen soru\u015fturma kapsam\u0131nda, \u00e7at\u0131\u015fma b\u00f6lgeleriyle irtibatl\u0131 olduklar\u0131 belirlenen I\u015e\u0130D silahl\u0131 ter\u00f6r \u00f6rg\u00fct\u00fc \u00fcyesi 13 yabanc\u0131 uyruklu \u015f\u00fcpheli hakk\u0131nda g\u00f6zalt\u0131 karar\u0131 verildi.\u00a0<a href=\"https:\/\/www.cumhuriyet.com.tr\/turkiye\/isid-uyesi-olduklari-belirlendi-13-zanli-hakkinda-gozalti-karari-2447556\" target=\"_blank\" class=\"feedzy-rss-link-icon\">Read More<\/a><\/p>","protected":false},"excerpt":{"rendered":"<p>Ankara Cumhuriyet Ba\u015fsavc\u0131l\u0131\u011f\u0131 taraf\u0131ndan y\u00fcr\u00fct\u00fclen soru\u015fturma kapsam\u0131nda, \u00e7at\u0131\u015fma b\u00f6lgeleriyle irtibatl\u0131 olduklar\u0131 belirlenen I\u015e\u0130D silahl\u0131 ter\u00f6r \u00f6rg\u00fct\u00fc \u00fcyesi 13 yabanc\u0131 uyruklu \u015f\u00fcpheli hakk\u0131nda g\u00f6zalt\u0131 karar\u0131 verildi.Ankara Cumhuriyet Ba\u015fsavc\u0131l\u0131\u011f\u0131 taraf\u0131ndan y\u00fcr\u00fct\u00fclen soru\u015fturma kapsam\u0131nda, \u00e7at\u0131\u015fma b\u00f6lgeleriyle irtibatl\u0131 olduklar\u0131 belirlenen I\u015e\u0130D silahl\u0131 ter\u00f6r \u00f6rg\u00fct\u00fc \u00fcyesi 13 yabanc\u0131 uyruklu \u015f\u00fcpheli hakk\u0131nda g\u00f6zalt\u0131 karar\u0131 verildi.\u00a0Read More<\/p>\n","protected":false},"author":1,"featured_media":9522,"comment_status":"open","ping_status":"open","sticky":false,"template":"","format":"standard","meta":{"footnotes":"","_links_to":"","_links_to_target":""},"categories":[1],"tags":[],"class_list":["post-9521","post","type-post","status-publish","format-standard","has-post-thumbnail","hentry","category-haberler"],"_links":{"self":[{"href":"https:\/\/www.abchukuk.com\/index.php\/wp-json\/wp\/v2\/posts\/9521","targetHints":{"allow":["GET"]}}],"collection":[{"href":"https:\/\/www.abchukuk.com\/index.php\/wp-json\/wp\/v2\/posts"}],"about":[{"href":"https:\/\/www.abchukuk.com\/index.php\/wp-json\/wp\/v2\/types\/post"}],"author":[{"embeddable":true,"href":"https:\/\/www.abchukuk.com\/index.php\/wp-json\/wp\/v2\/users\/1"}],"replies":[{"embeddable":true,"href":"https:\/\/www.abchukuk.com\/index.php\/wp-json\/wp\/v2\/comments?post=9521"}],"version-history":[{"count":0,"href":"https:\/\/www.abchukuk.com\/index.php\/wp-json\/wp\/v2\/posts\/9521\/revisions"}],"wp:featuredmedia":[{"embeddable":true,"href":"https:\/\/www.abchukuk.com\/index.php\/wp-json\/wp\/v2\/media\/9522"}],"wp:attachment":[{"href":"https:\/\/www.abchukuk.com\/index.php\/wp-json\/wp\/v2\/media?parent=9521"}],"wp:term":[{"taxonomy":"category","embeddable":true,"href":"https:\/\/www.abchukuk.com\/index.php\/wp-json\/wp\/v2\/categories?post=9521"},{"taxonomy":"post_tag","embeddable":true,"href":"https:\/\/www.abchukuk.com\/index.php\/wp-json\/wp\/v2\/tags?post=9521"}],"curies":[{"name":"wp","href":"https:\/\/api.w.org\/{rel}","templated":true}]}}