{"id":9518,"date":"2025-10-27T17:42:42","date_gmt":"2025-10-27T17:42:42","guid":{"rendered":"https:\/\/www.abchukuk.com\/index.php\/2025\/10\/27\/kartalkaya-davasinda-ucuncu-durusma-danistay-daire-baskani-baba-bakanlik-yetkilileri-tutuklanmali-dedi\/"},"modified":"2025-10-27T17:42:42","modified_gmt":"2025-10-27T17:42:42","slug":"kartalkaya-davasinda-ucuncu-durusma-danistay-daire-baskani-baba-bakanlik-yetkilileri-tutuklanmali-dedi","status":"publish","type":"post","link":"https:\/\/www.abchukuk.com\/index.php\/2025\/10\/27\/kartalkaya-davasinda-ucuncu-durusma-danistay-daire-baskani-baba-bakanlik-yetkilileri-tutuklanmali-dedi\/","title":{"rendered":"Kartalkaya davas\u0131nda \u00fc\u00e7\u00fcnc\u00fc duru\u015fma: Dan\u0131\u015ftay daire ba\u015fkan\u0131 baba &#8216;Bakanl\u0131k yetkilileri tutuklanmal\u0131&#8217; dedi"},"content":{"rendered":"<p>21 Ocak&#8217;ta 36&#8217;s\u0131 \u00e7ocuk 78 ki\u015finin hayat\u0131n\u0131 kaybetti\u011fi ve 133 ki\u015finin yaraland\u0131\u011f\u0131 Grand Kartal otel yang\u0131n\u0131 davas\u0131n\u0131n \u00fc\u00e7\u00fcnc\u00fc duru\u015fmas\u0131 bug\u00fcn g\u00f6r\u00fcld\u00fc.21 Ocak&#8217;ta 36&#8217;s\u0131 \u00e7ocuk 78 ki\u015finin hayat\u0131n\u0131 kaybetti\u011fi ve 133 ki\u015finin yaraland\u0131\u011f\u0131 Grand Kartal otel yang\u0131n\u0131 davas\u0131n\u0131n \u00fc\u00e7\u00fcnc\u00fc duru\u015fmas\u0131 bug\u00fcn g\u00f6r\u00fcld\u00fc.\u00a0<a href=\"https:\/\/www.bbc.com\/turkce\/articles\/c751rxzxd2eo?at_medium=RSS&amp;at_campaign=rss\" target=\"_blank\" class=\"feedzy-rss-link-icon\">Read More<\/a><\/p>","protected":false},"excerpt":{"rendered":"<p>21 Ocak&#8217;ta 36&#8217;s\u0131 \u00e7ocuk 78 ki\u015finin hayat\u0131n\u0131 kaybetti\u011fi ve 133 ki\u015finin yaraland\u0131\u011f\u0131 Grand Kartal otel yang\u0131n\u0131 davas\u0131n\u0131n \u00fc\u00e7\u00fcnc\u00fc duru\u015fmas\u0131 bug\u00fcn g\u00f6r\u00fcld\u00fc.21 Ocak&#8217;ta 36&#8217;s\u0131 \u00e7ocuk 78 ki\u015finin hayat\u0131n\u0131 kaybetti\u011fi ve 133 ki\u015finin yaraland\u0131\u011f\u0131 Grand Kartal otel yang\u0131n\u0131 davas\u0131n\u0131n \u00fc\u00e7\u00fcnc\u00fc duru\u015fmas\u0131 bug\u00fcn g\u00f6r\u00fcld\u00fc.\u00a0Read More<\/p>\n","protected":false},"author":1,"featured_media":9511,"comment_status":"open","ping_status":"open","sticky":false,"template":"","format":"standard","meta":{"footnotes":"","_links_to":"","_links_to_target":""},"categories":[1],"tags":[],"class_list":["post-9518","post","type-post","status-publish","format-standard","has-post-thumbnail","hentry","category-haberler"],"_links":{"self":[{"href":"https:\/\/www.abchukuk.com\/index.php\/wp-json\/wp\/v2\/posts\/9518","targetHints":{"allow":["GET"]}}],"collection":[{"href":"https:\/\/www.abchukuk.com\/index.php\/wp-json\/wp\/v2\/posts"}],"about":[{"href":"https:\/\/www.abchukuk.com\/index.php\/wp-json\/wp\/v2\/types\/post"}],"author":[{"embeddable":true,"href":"https:\/\/www.abchukuk.com\/index.php\/wp-json\/wp\/v2\/users\/1"}],"replies":[{"embeddable":true,"href":"https:\/\/www.abchukuk.com\/index.php\/wp-json\/wp\/v2\/comments?post=9518"}],"version-history":[{"count":0,"href":"https:\/\/www.abchukuk.com\/index.php\/wp-json\/wp\/v2\/posts\/9518\/revisions"}],"wp:featuredmedia":[{"embeddable":true,"href":"https:\/\/www.abchukuk.com\/index.php\/wp-json\/wp\/v2\/media\/9511"}],"wp:attachment":[{"href":"https:\/\/www.abchukuk.com\/index.php\/wp-json\/wp\/v2\/media?parent=9518"}],"wp:term":[{"taxonomy":"category","embeddable":true,"href":"https:\/\/www.abchukuk.com\/index.php\/wp-json\/wp\/v2\/categories?post=9518"},{"taxonomy":"post_tag","embeddable":true,"href":"https:\/\/www.abchukuk.com\/index.php\/wp-json\/wp\/v2\/tags?post=9518"}],"curies":[{"name":"wp","href":"https:\/\/api.w.org\/{rel}","templated":true}]}}