{"id":9516,"date":"2025-10-28T01:00:00","date_gmt":"2025-10-28T01:00:00","guid":{"rendered":"https:\/\/www.abchukuk.com\/index.php\/2025\/10\/28\/bassavciligin-ifadesinde-imamoglu-icin-chpnin-ele-gecirilmesi-aciklamasi-yer-aldi-siyasal-casusluk-suclamasi\/"},"modified":"2025-10-28T01:00:00","modified_gmt":"2025-10-28T01:00:00","slug":"bassavciligin-ifadesinde-imamoglu-icin-chpnin-ele-gecirilmesi-aciklamasi-yer-aldi-siyasal-casusluk-suclamasi","status":"publish","type":"post","link":"https:\/\/www.abchukuk.com\/index.php\/2025\/10\/28\/bassavciligin-ifadesinde-imamoglu-icin-chpnin-ele-gecirilmesi-aciklamasi-yer-aldi-siyasal-casusluk-suclamasi\/","title":{"rendered":"Ba\u015fsavc\u0131l\u0131\u011f\u0131n ifadesinde \u0130mamo\u011flu i\u00e7in \u2018CHP\u2019nin ele ge\u00e7irilmesi\u2019 a\u00e7\u0131klamas\u0131 yer ald\u0131: \u2018Siyasal casusluk\u2019 su\u00e7lamas\u0131"},"content":{"rendered":"<p>Silivri\u2019deki Marmara Cezaevi\u2019nde tutuklu bulunan \u0130stanbul B\u00fcy\u00fck\u015fehir Belediye (\u0130BB) ba\u015fkan\u0131 ve CHP\u2019nin cumhurba\u015fkan\u0131 aday\u0131 Ekrem \u0130mamo\u011flu, cuma g\u00fcn\u00fc ba\u015flat\u0131lan \u201ccasusluk\u201d soru\u015fturmas\u0131 kapsam\u0131nda kampanya dan\u0131\u015fman\u0131 Necati \u00d6zkan ve Tele1 Genel Yay\u0131n Y\u00f6netmeni Merdan Yanarda\u011f ile birlikte tutukland\u0131.Silivri\u2019deki Marmara Cezaevi\u2019nde tutuklu bulunan \u0130stanbul B\u00fcy\u00fck\u015fehir Belediye (\u0130BB) ba\u015fkan\u0131 ve CHP\u2019nin cumhurba\u015fkan\u0131 aday\u0131 Ekrem \u0130mamo\u011flu, cuma g\u00fcn\u00fc ba\u015flat\u0131lan \u201ccasusluk\u201d soru\u015fturmas\u0131 kapsam\u0131nda kampanya dan\u0131\u015fman\u0131 Necati \u00d6zkan ve Tele1 Genel Yay\u0131n Y\u00f6netmeni Merdan Yanarda\u011f ile birlikte tutukland\u0131.\u00a0<a href=\"https:\/\/www.cumhuriyet.com.tr\/siyaset\/bassavciligin-ifadesinde-imamoglu-icin-chp-nin-ele-gecirilmesi-aciklamasi-yer-aldi-siyasal-casusluk-suclamasi-2447553\" target=\"_blank\" class=\"feedzy-rss-link-icon\">Read More<\/a><\/p>","protected":false},"excerpt":{"rendered":"<p>Silivri\u2019deki Marmara Cezaevi\u2019nde tutuklu bulunan \u0130stanbul B\u00fcy\u00fck\u015fehir Belediye (\u0130BB) ba\u015fkan\u0131 ve CHP\u2019nin cumhurba\u015fkan\u0131 aday\u0131 Ekrem \u0130mamo\u011flu, cuma g\u00fcn\u00fc ba\u015flat\u0131lan \u201ccasusluk\u201d soru\u015fturmas\u0131 kapsam\u0131nda kampanya dan\u0131\u015fman\u0131 Necati \u00d6zkan ve Tele1 Genel Yay\u0131n Y\u00f6netmeni Merdan Yanarda\u011f ile birlikte tutukland\u0131.Silivri\u2019deki Marmara Cezaevi\u2019nde tutuklu bulunan \u0130stanbul B\u00fcy\u00fck\u015fehir Belediye (\u0130BB) ba\u015fkan\u0131 ve CHP\u2019nin cumhurba\u015fkan\u0131 aday\u0131 Ekrem \u0130mamo\u011flu, cuma g\u00fcn\u00fc ba\u015flat\u0131lan \u201ccasusluk\u201d [&hellip;]<\/p>\n","protected":false},"author":1,"featured_media":9517,"comment_status":"open","ping_status":"open","sticky":false,"template":"","format":"standard","meta":{"footnotes":"","_links_to":"","_links_to_target":""},"categories":[1],"tags":[],"class_list":["post-9516","post","type-post","status-publish","format-standard","has-post-thumbnail","hentry","category-haberler"],"_links":{"self":[{"href":"https:\/\/www.abchukuk.com\/index.php\/wp-json\/wp\/v2\/posts\/9516","targetHints":{"allow":["GET"]}}],"collection":[{"href":"https:\/\/www.abchukuk.com\/index.php\/wp-json\/wp\/v2\/posts"}],"about":[{"href":"https:\/\/www.abchukuk.com\/index.php\/wp-json\/wp\/v2\/types\/post"}],"author":[{"embeddable":true,"href":"https:\/\/www.abchukuk.com\/index.php\/wp-json\/wp\/v2\/users\/1"}],"replies":[{"embeddable":true,"href":"https:\/\/www.abchukuk.com\/index.php\/wp-json\/wp\/v2\/comments?post=9516"}],"version-history":[{"count":0,"href":"https:\/\/www.abchukuk.com\/index.php\/wp-json\/wp\/v2\/posts\/9516\/revisions"}],"wp:featuredmedia":[{"embeddable":true,"href":"https:\/\/www.abchukuk.com\/index.php\/wp-json\/wp\/v2\/media\/9517"}],"wp:attachment":[{"href":"https:\/\/www.abchukuk.com\/index.php\/wp-json\/wp\/v2\/media?parent=9516"}],"wp:term":[{"taxonomy":"category","embeddable":true,"href":"https:\/\/www.abchukuk.com\/index.php\/wp-json\/wp\/v2\/categories?post=9516"},{"taxonomy":"post_tag","embeddable":true,"href":"https:\/\/www.abchukuk.com\/index.php\/wp-json\/wp\/v2\/tags?post=9516"}],"curies":[{"name":"wp","href":"https:\/\/api.w.org\/{rel}","templated":true}]}}