{"id":9514,"date":"2025-10-28T01:00:00","date_gmt":"2025-10-28T01:00:00","guid":{"rendered":"https:\/\/www.abchukuk.com\/index.php\/2025\/10\/28\/chpli-kurmaylar-baslatilan-operasyonlara-karsi-mucadelelerinin-surecegini-acikladi-hem-sahada-hem-adliyede\/"},"modified":"2025-10-28T01:00:00","modified_gmt":"2025-10-28T01:00:00","slug":"chpli-kurmaylar-baslatilan-operasyonlara-karsi-mucadelelerinin-surecegini-acikladi-hem-sahada-hem-adliyede","status":"publish","type":"post","link":"https:\/\/www.abchukuk.com\/index.php\/2025\/10\/28\/chpli-kurmaylar-baslatilan-operasyonlara-karsi-mucadelelerinin-surecegini-acikladi-hem-sahada-hem-adliyede\/","title":{"rendered":"CHP\u2019li kurmaylar ba\u015flat\u0131lan operasyonlara kar\u015f\u0131 m\u00fccadelelerinin s\u00fcrece\u011fini a\u00e7\u0131klad\u0131: Hem sahada hem adliyede"},"content":{"rendered":"<p>Kurultay davas\u0131 geride kalan CHP\u2019de parti kurmaylar\u0131 bu kez de \u201ccasusluk\u201d operasyonlar\u0131yla kar\u015f\u0131la\u015fmalar\u0131na ili\u015fkin \u201cSe\u00e7ime kadar yeni yeni su\u00e7lamalarla \u00fczerimize geleceklerdir\u201d dedi.Kurultay davas\u0131 geride kalan CHP\u2019de parti kurmaylar\u0131 bu kez de \u201ccasusluk\u201d operasyonlar\u0131yla kar\u015f\u0131la\u015fmalar\u0131na ili\u015fkin \u201cSe\u00e7ime kadar yeni yeni su\u00e7lamalarla \u00fczerimize geleceklerdir\u201d dedi.\u00a0<a href=\"https:\/\/www.cumhuriyet.com.tr\/siyaset\/chp-li-kurmaylar-baslatilan-operasyonlara-karsi-mucadelelerinin-surecegini-acikladi-hem-sahada-hem-adliyede-2447551\" target=\"_blank\" class=\"feedzy-rss-link-icon\">Read More<\/a><\/p>","protected":false},"excerpt":{"rendered":"<p>Kurultay davas\u0131 geride kalan CHP\u2019de parti kurmaylar\u0131 bu kez de \u201ccasusluk\u201d operasyonlar\u0131yla kar\u015f\u0131la\u015fmalar\u0131na ili\u015fkin \u201cSe\u00e7ime kadar yeni yeni su\u00e7lamalarla \u00fczerimize geleceklerdir\u201d dedi.Kurultay davas\u0131 geride kalan CHP\u2019de parti kurmaylar\u0131 bu kez de \u201ccasusluk\u201d operasyonlar\u0131yla kar\u015f\u0131la\u015fmalar\u0131na ili\u015fkin \u201cSe\u00e7ime kadar yeni yeni su\u00e7lamalarla \u00fczerimize geleceklerdir\u201d dedi.\u00a0Read More<\/p>\n","protected":false},"author":1,"featured_media":9515,"comment_status":"open","ping_status":"open","sticky":false,"template":"","format":"standard","meta":{"footnotes":"","_links_to":"","_links_to_target":""},"categories":[1],"tags":[],"class_list":["post-9514","post","type-post","status-publish","format-standard","has-post-thumbnail","hentry","category-haberler"],"_links":{"self":[{"href":"https:\/\/www.abchukuk.com\/index.php\/wp-json\/wp\/v2\/posts\/9514","targetHints":{"allow":["GET"]}}],"collection":[{"href":"https:\/\/www.abchukuk.com\/index.php\/wp-json\/wp\/v2\/posts"}],"about":[{"href":"https:\/\/www.abchukuk.com\/index.php\/wp-json\/wp\/v2\/types\/post"}],"author":[{"embeddable":true,"href":"https:\/\/www.abchukuk.com\/index.php\/wp-json\/wp\/v2\/users\/1"}],"replies":[{"embeddable":true,"href":"https:\/\/www.abchukuk.com\/index.php\/wp-json\/wp\/v2\/comments?post=9514"}],"version-history":[{"count":0,"href":"https:\/\/www.abchukuk.com\/index.php\/wp-json\/wp\/v2\/posts\/9514\/revisions"}],"wp:featuredmedia":[{"embeddable":true,"href":"https:\/\/www.abchukuk.com\/index.php\/wp-json\/wp\/v2\/media\/9515"}],"wp:attachment":[{"href":"https:\/\/www.abchukuk.com\/index.php\/wp-json\/wp\/v2\/media?parent=9514"}],"wp:term":[{"taxonomy":"category","embeddable":true,"href":"https:\/\/www.abchukuk.com\/index.php\/wp-json\/wp\/v2\/categories?post=9514"},{"taxonomy":"post_tag","embeddable":true,"href":"https:\/\/www.abchukuk.com\/index.php\/wp-json\/wp\/v2\/tags?post=9514"}],"curies":[{"name":"wp","href":"https:\/\/api.w.org\/{rel}","templated":true}]}}