{"id":9502,"date":"2025-10-27T17:56:00","date_gmt":"2025-10-27T17:56:00","guid":{"rendered":"https:\/\/www.abchukuk.com\/index.php\/2025\/10\/27\/yenidogan-cetesi-sorusturmasini-yuruten-savcinin-olumle-tehdit-edilmesi-davasindaki-tahliyelere-itiraz\/"},"modified":"2025-10-27T17:56:00","modified_gmt":"2025-10-27T17:56:00","slug":"yenidogan-cetesi-sorusturmasini-yuruten-savcinin-olumle-tehdit-edilmesi-davasindaki-tahliyelere-itiraz","status":"publish","type":"post","link":"https:\/\/www.abchukuk.com\/index.php\/2025\/10\/27\/yenidogan-cetesi-sorusturmasini-yuruten-savcinin-olumle-tehdit-edilmesi-davasindaki-tahliyelere-itiraz\/","title":{"rendered":"Yenido\u011fan \u00e7etesi soru\u015fturmas\u0131n\u0131 y\u00fcr\u00fcten savc\u0131n\u0131n \u00f6l\u00fcmle tehdit edilmesi davas\u0131ndaki tahliyelere itiraz"},"content":{"rendered":"<p>\u0130stanbul&#8217;da &#8220;yenido\u011fan \u00e7etesi&#8221; soru\u015fturmas\u0131n\u0131 y\u00fcr\u00fctt\u00fc\u011f\u00fc s\u0131rada cumhuriyet savc\u0131s\u0131 Yavuz Engin&#8217;in \u00f6l\u00fcmle tehdit edilmesiyle ilgili davan\u0131n duru\u015fmas\u0131nda 5 san\u0131\u011f\u0131n tahliye edilmesine, m\u00fc\u015fteki avukatlar\u0131 itirazda bulundu.\u0130stanbul&#8217;da &#8220;yenido\u011fan \u00e7etesi&#8221; soru\u015fturmas\u0131n\u0131 y\u00fcr\u00fctt\u00fc\u011f\u00fc s\u0131rada cumhuriyet savc\u0131s\u0131 Yavuz Engin&#8217;in \u00f6l\u00fcmle tehdit edilmesiyle ilgili davan\u0131n duru\u015fmas\u0131nda 5 san\u0131\u011f\u0131n tahliye edilmesine, m\u00fc\u015fteki avukatlar\u0131 itirazda bulundu.\u00a0<a href=\"https:\/\/www.cumhuriyet.com.tr\/turkiye\/yenidogan-cetesi-sorusturmasini-yuruten-savcinin-olumle-tehdit-edilmesi-davasindaki-tahliyelere-itiraz-2447505\" target=\"_blank\" class=\"feedzy-rss-link-icon\">Read More<\/a><\/p>","protected":false},"excerpt":{"rendered":"<p>\u0130stanbul&#8217;da &#8220;yenido\u011fan \u00e7etesi&#8221; soru\u015fturmas\u0131n\u0131 y\u00fcr\u00fctt\u00fc\u011f\u00fc s\u0131rada cumhuriyet savc\u0131s\u0131 Yavuz Engin&#8217;in \u00f6l\u00fcmle tehdit edilmesiyle ilgili davan\u0131n duru\u015fmas\u0131nda 5 san\u0131\u011f\u0131n tahliye edilmesine, m\u00fc\u015fteki avukatlar\u0131 itirazda bulundu.\u0130stanbul&#8217;da &#8220;yenido\u011fan \u00e7etesi&#8221; soru\u015fturmas\u0131n\u0131 y\u00fcr\u00fctt\u00fc\u011f\u00fc s\u0131rada cumhuriyet savc\u0131s\u0131 Yavuz Engin&#8217;in \u00f6l\u00fcmle tehdit edilmesiyle ilgili davan\u0131n duru\u015fmas\u0131nda 5 san\u0131\u011f\u0131n tahliye edilmesine, m\u00fc\u015fteki avukatlar\u0131 itirazda bulundu.\u00a0Read More<\/p>\n","protected":false},"author":1,"featured_media":9503,"comment_status":"open","ping_status":"open","sticky":false,"template":"","format":"standard","meta":{"footnotes":"","_links_to":"","_links_to_target":""},"categories":[1],"tags":[],"class_list":["post-9502","post","type-post","status-publish","format-standard","has-post-thumbnail","hentry","category-haberler"],"_links":{"self":[{"href":"https:\/\/www.abchukuk.com\/index.php\/wp-json\/wp\/v2\/posts\/9502","targetHints":{"allow":["GET"]}}],"collection":[{"href":"https:\/\/www.abchukuk.com\/index.php\/wp-json\/wp\/v2\/posts"}],"about":[{"href":"https:\/\/www.abchukuk.com\/index.php\/wp-json\/wp\/v2\/types\/post"}],"author":[{"embeddable":true,"href":"https:\/\/www.abchukuk.com\/index.php\/wp-json\/wp\/v2\/users\/1"}],"replies":[{"embeddable":true,"href":"https:\/\/www.abchukuk.com\/index.php\/wp-json\/wp\/v2\/comments?post=9502"}],"version-history":[{"count":0,"href":"https:\/\/www.abchukuk.com\/index.php\/wp-json\/wp\/v2\/posts\/9502\/revisions"}],"wp:featuredmedia":[{"embeddable":true,"href":"https:\/\/www.abchukuk.com\/index.php\/wp-json\/wp\/v2\/media\/9503"}],"wp:attachment":[{"href":"https:\/\/www.abchukuk.com\/index.php\/wp-json\/wp\/v2\/media?parent=9502"}],"wp:term":[{"taxonomy":"category","embeddable":true,"href":"https:\/\/www.abchukuk.com\/index.php\/wp-json\/wp\/v2\/categories?post=9502"},{"taxonomy":"post_tag","embeddable":true,"href":"https:\/\/www.abchukuk.com\/index.php\/wp-json\/wp\/v2\/tags?post=9502"}],"curies":[{"name":"wp","href":"https:\/\/api.w.org\/{rel}","templated":true}]}}