{"id":9493,"date":"2025-10-27T14:03:00","date_gmt":"2025-10-27T14:03:00","guid":{"rendered":"https:\/\/www.abchukuk.com\/index.php\/2025\/10\/27\/son-dakika-ibb-uygulamasi-sorusturmasinda-7-tutuklama-talebi\/"},"modified":"2025-10-27T14:03:00","modified_gmt":"2025-10-27T14:03:00","slug":"son-dakika-ibb-uygulamasi-sorusturmasinda-7-tutuklama-talebi","status":"publish","type":"post","link":"https:\/\/www.abchukuk.com\/index.php\/2025\/10\/27\/son-dakika-ibb-uygulamasi-sorusturmasinda-7-tutuklama-talebi\/","title":{"rendered":"Son dakika&#8230; \u0130BB uygulamas\u0131 soru\u015fturmas\u0131nda 7 tutuklama talebi!"},"content":{"rendered":"<p>Son dakika haberi&#8230; \u0130BB Ba\u015fkan\u0131 Ekrem \u0130mamo\u011flu taraf\u0131ndan kuruldu\u011fu iddia edilen \u201c\u00e7\u0131kar ama\u00e7l\u0131 su\u00e7 \u00f6rg\u00fct\u00fc\u201dne ili\u015fkin y\u00fcr\u00fct\u00fclen soru\u015fturmada, \u201c\u0130stanbul Senin\u201d uygulamas\u0131 \u00fczerinden milyonlarca vatanda\u015f\u0131n verilerinin s\u0131zd\u0131r\u0131ld\u0131\u011f\u0131 iddias\u0131yla g\u00f6zalt\u0131na al\u0131nan 15 ki\u015fiden 7\u2019si tutuklama, 8\u2019i ise adli kontrol talebiyle Sulh Ceza Hakimli\u011fine sevk edildi.Son dakika haberi&#8230; \u0130BB Ba\u015fkan\u0131 Ekrem \u0130mamo\u011flu taraf\u0131ndan kuruldu\u011fu iddia edilen \u201c\u00e7\u0131kar ama\u00e7l\u0131 su\u00e7 \u00f6rg\u00fct\u00fc\u201dne ili\u015fkin y\u00fcr\u00fct\u00fclen soru\u015fturmada, \u201c\u0130stanbul Senin\u201d uygulamas\u0131 \u00fczerinden milyonlarca vatanda\u015f\u0131n verilerinin s\u0131zd\u0131r\u0131ld\u0131\u011f\u0131 iddias\u0131yla g\u00f6zalt\u0131na al\u0131nan 15 ki\u015fiden 7\u2019si tutuklama, 8\u2019i ise adli kontrol talebiyle Sulh Ceza Hakimli\u011fine sevk edildi.\u00a0<a href=\"https:\/\/www.cumhuriyet.com.tr\/siyaset\/son-dakika-ibb-uygulamasi-sorusturmasinda-7-tutuklama-talebi-2447442\" target=\"_blank\" class=\"feedzy-rss-link-icon\">Read More<\/a><\/p>","protected":false},"excerpt":{"rendered":"<p>Son dakika haberi&#8230; \u0130BB Ba\u015fkan\u0131 Ekrem \u0130mamo\u011flu taraf\u0131ndan kuruldu\u011fu iddia edilen \u201c\u00e7\u0131kar ama\u00e7l\u0131 su\u00e7 \u00f6rg\u00fct\u00fc\u201dne ili\u015fkin y\u00fcr\u00fct\u00fclen soru\u015fturmada, \u201c\u0130stanbul Senin\u201d uygulamas\u0131 \u00fczerinden milyonlarca vatanda\u015f\u0131n verilerinin s\u0131zd\u0131r\u0131ld\u0131\u011f\u0131 iddias\u0131yla g\u00f6zalt\u0131na al\u0131nan 15 ki\u015fiden 7\u2019si tutuklama, 8\u2019i ise adli kontrol talebiyle Sulh Ceza Hakimli\u011fine sevk edildi.Son dakika haberi&#8230; \u0130BB Ba\u015fkan\u0131 Ekrem \u0130mamo\u011flu taraf\u0131ndan kuruldu\u011fu iddia edilen \u201c\u00e7\u0131kar ama\u00e7l\u0131 [&hellip;]<\/p>\n","protected":false},"author":1,"featured_media":9494,"comment_status":"open","ping_status":"open","sticky":false,"template":"","format":"standard","meta":{"footnotes":"","_links_to":"","_links_to_target":""},"categories":[1],"tags":[],"class_list":["post-9493","post","type-post","status-publish","format-standard","has-post-thumbnail","hentry","category-haberler"],"_links":{"self":[{"href":"https:\/\/www.abchukuk.com\/index.php\/wp-json\/wp\/v2\/posts\/9493","targetHints":{"allow":["GET"]}}],"collection":[{"href":"https:\/\/www.abchukuk.com\/index.php\/wp-json\/wp\/v2\/posts"}],"about":[{"href":"https:\/\/www.abchukuk.com\/index.php\/wp-json\/wp\/v2\/types\/post"}],"author":[{"embeddable":true,"href":"https:\/\/www.abchukuk.com\/index.php\/wp-json\/wp\/v2\/users\/1"}],"replies":[{"embeddable":true,"href":"https:\/\/www.abchukuk.com\/index.php\/wp-json\/wp\/v2\/comments?post=9493"}],"version-history":[{"count":0,"href":"https:\/\/www.abchukuk.com\/index.php\/wp-json\/wp\/v2\/posts\/9493\/revisions"}],"wp:featuredmedia":[{"embeddable":true,"href":"https:\/\/www.abchukuk.com\/index.php\/wp-json\/wp\/v2\/media\/9494"}],"wp:attachment":[{"href":"https:\/\/www.abchukuk.com\/index.php\/wp-json\/wp\/v2\/media?parent=9493"}],"wp:term":[{"taxonomy":"category","embeddable":true,"href":"https:\/\/www.abchukuk.com\/index.php\/wp-json\/wp\/v2\/categories?post=9493"},{"taxonomy":"post_tag","embeddable":true,"href":"https:\/\/www.abchukuk.com\/index.php\/wp-json\/wp\/v2\/tags?post=9493"}],"curies":[{"name":"wp","href":"https:\/\/api.w.org\/{rel}","templated":true}]}}