{"id":9492,"date":"2025-10-27T14:36:58","date_gmt":"2025-10-27T14:36:58","guid":{"rendered":"https:\/\/www.abchukuk.com\/index.php\/2025\/10\/27\/fransada-first-lady-brigitte-icin-erkek-davasi-sosyal-medya-paylasimlari-yargida\/"},"modified":"2025-10-27T14:36:58","modified_gmt":"2025-10-27T14:36:58","slug":"fransada-first-lady-brigitte-icin-erkek-davasi-sosyal-medya-paylasimlari-yargida","status":"publish","type":"post","link":"https:\/\/www.abchukuk.com\/index.php\/2025\/10\/27\/fransada-first-lady-brigitte-icin-erkek-davasi-sosyal-medya-paylasimlari-yargida\/","title":{"rendered":"Fransa&#8217;da First Lady Brigitte i\u00e7in &#8216;erkek&#8217; davas\u0131: Sosyal medya payla\u015f\u0131mlar\u0131 yarg\u0131da"},"content":{"rendered":"<p>Fransa\u2019n\u0131n First Lady\u2019si Brigitte Macron hakk\u0131nda sosyal medyada yay\u0131lan cinsiyet kimli\u011fi iddialar\u0131 sonras\u0131 10 ki\u015fi &#8216;siber zorbal\u0131k ve hakaret&#8217; su\u00e7lamas\u0131yla hakim kar\u015f\u0131s\u0131nda. Paris savc\u0131l\u0131\u011f\u0131, &#8216;organize nefret kampanyas\u0131&#8217; uyar\u0131s\u0131 yapt\u0131.Fransa\u2019n\u0131n First Lady\u2019si Brigitte Macron hakk\u0131nda sosyal medyada yay\u0131lan cinsiyet kimli\u011fi iddialar\u0131 sonras\u0131 10 ki\u015fi &#8216;siber zorbal\u0131k ve hakaret&#8217; su\u00e7lamas\u0131yla hakim kar\u015f\u0131s\u0131nda. Paris savc\u0131l\u0131\u011f\u0131, &#8216;organize nefret kampanyas\u0131&#8217; uyar\u0131s\u0131 yapt\u0131.\u00a0<a href=\"https:\/\/anlatilaninotesi.com.tr\/20251027\/fransada-first-lady-brigitte-icin-erkek-davasi-sosyal-medya-paylasimlari-yargida-1100514709.html\" target=\"_blank\" class=\"feedzy-rss-link-icon\">Read More<\/a><\/p>","protected":false},"excerpt":{"rendered":"<p>Fransa\u2019n\u0131n First Lady\u2019si Brigitte Macron hakk\u0131nda sosyal medyada yay\u0131lan cinsiyet kimli\u011fi iddialar\u0131 sonras\u0131 10 ki\u015fi &#8216;siber zorbal\u0131k ve hakaret&#8217; su\u00e7lamas\u0131yla hakim kar\u015f\u0131s\u0131nda. Paris savc\u0131l\u0131\u011f\u0131, &#8216;organize nefret kampanyas\u0131&#8217; uyar\u0131s\u0131 yapt\u0131.Fransa\u2019n\u0131n First Lady\u2019si Brigitte Macron hakk\u0131nda sosyal medyada yay\u0131lan cinsiyet kimli\u011fi iddialar\u0131 sonras\u0131 10 ki\u015fi &#8216;siber zorbal\u0131k ve hakaret&#8217; su\u00e7lamas\u0131yla hakim kar\u015f\u0131s\u0131nda. Paris savc\u0131l\u0131\u011f\u0131, &#8216;organize nefret kampanyas\u0131&#8217; [&hellip;]<\/p>\n","protected":false},"author":1,"featured_media":0,"comment_status":"open","ping_status":"open","sticky":false,"template":"","format":"standard","meta":{"footnotes":"","_links_to":"","_links_to_target":""},"categories":[1],"tags":[],"class_list":["post-9492","post","type-post","status-publish","format-standard","hentry","category-haberler"],"_links":{"self":[{"href":"https:\/\/www.abchukuk.com\/index.php\/wp-json\/wp\/v2\/posts\/9492","targetHints":{"allow":["GET"]}}],"collection":[{"href":"https:\/\/www.abchukuk.com\/index.php\/wp-json\/wp\/v2\/posts"}],"about":[{"href":"https:\/\/www.abchukuk.com\/index.php\/wp-json\/wp\/v2\/types\/post"}],"author":[{"embeddable":true,"href":"https:\/\/www.abchukuk.com\/index.php\/wp-json\/wp\/v2\/users\/1"}],"replies":[{"embeddable":true,"href":"https:\/\/www.abchukuk.com\/index.php\/wp-json\/wp\/v2\/comments?post=9492"}],"version-history":[{"count":0,"href":"https:\/\/www.abchukuk.com\/index.php\/wp-json\/wp\/v2\/posts\/9492\/revisions"}],"wp:attachment":[{"href":"https:\/\/www.abchukuk.com\/index.php\/wp-json\/wp\/v2\/media?parent=9492"}],"wp:term":[{"taxonomy":"category","embeddable":true,"href":"https:\/\/www.abchukuk.com\/index.php\/wp-json\/wp\/v2\/categories?post=9492"},{"taxonomy":"post_tag","embeddable":true,"href":"https:\/\/www.abchukuk.com\/index.php\/wp-json\/wp\/v2\/tags?post=9492"}],"curies":[{"name":"wp","href":"https:\/\/api.w.org\/{rel}","templated":true}]}}