{"id":9483,"date":"2025-10-27T13:43:00","date_gmt":"2025-10-27T13:43:00","guid":{"rendered":"https:\/\/www.abchukuk.com\/index.php\/2025\/10\/27\/adalet-bakani-tunctan-cezaevi-ovgusu-okuryazar-ve-hafiz-yetistiriyoruz\/"},"modified":"2025-10-27T13:43:00","modified_gmt":"2025-10-27T13:43:00","slug":"adalet-bakani-tunctan-cezaevi-ovgusu-okuryazar-ve-hafiz-yetistiriyoruz","status":"publish","type":"post","link":"https:\/\/www.abchukuk.com\/index.php\/2025\/10\/27\/adalet-bakani-tunctan-cezaevi-ovgusu-okuryazar-ve-hafiz-yetistiriyoruz\/","title":{"rendered":"Adalet Bakan\u0131 Tun\u00e7&#8217;tan &#8216;cezaevi&#8217; \u00f6vg\u00fcs\u00fc: &#8216;Okuryazar ve haf\u0131z yeti\u015ftiriyoruz&#8217;"},"content":{"rendered":"<p>Bakanl\u0131\u011f\u0131n d\u00fczenledi\u011fi bir konferansta konu\u015fan Adalet Bakan\u0131 Y\u0131lmaz Tun\u00e7, cezaevlerinde okuryazar ve haf\u0131z yeti\u015ftirmekle \u00f6v\u00fcnd\u00fc.Bakanl\u0131\u011f\u0131n d\u00fczenledi\u011fi bir konferansta konu\u015fan Adalet Bakan\u0131 Y\u0131lmaz Tun\u00e7, cezaevlerinde okuryazar ve haf\u0131z yeti\u015ftirmekle \u00f6v\u00fcnd\u00fc.\u00a0<a href=\"https:\/\/www.cumhuriyet.com.tr\/turkiye\/adalet-bakani-tunc-tan-cezaevi-ovgusu-okuryazar-ve-hafiz-yetistiriyoruz-2447432\" target=\"_blank\" class=\"feedzy-rss-link-icon\">Read More<\/a><\/p>","protected":false},"excerpt":{"rendered":"<p>Bakanl\u0131\u011f\u0131n d\u00fczenledi\u011fi bir konferansta konu\u015fan Adalet Bakan\u0131 Y\u0131lmaz Tun\u00e7, cezaevlerinde okuryazar ve haf\u0131z yeti\u015ftirmekle \u00f6v\u00fcnd\u00fc.Bakanl\u0131\u011f\u0131n d\u00fczenledi\u011fi bir konferansta konu\u015fan Adalet Bakan\u0131 Y\u0131lmaz Tun\u00e7, cezaevlerinde okuryazar ve haf\u0131z yeti\u015ftirmekle \u00f6v\u00fcnd\u00fc.\u00a0Read More<\/p>\n","protected":false},"author":1,"featured_media":9484,"comment_status":"open","ping_status":"open","sticky":false,"template":"","format":"standard","meta":{"footnotes":"","_links_to":"","_links_to_target":""},"categories":[1],"tags":[],"class_list":["post-9483","post","type-post","status-publish","format-standard","has-post-thumbnail","hentry","category-haberler"],"_links":{"self":[{"href":"https:\/\/www.abchukuk.com\/index.php\/wp-json\/wp\/v2\/posts\/9483","targetHints":{"allow":["GET"]}}],"collection":[{"href":"https:\/\/www.abchukuk.com\/index.php\/wp-json\/wp\/v2\/posts"}],"about":[{"href":"https:\/\/www.abchukuk.com\/index.php\/wp-json\/wp\/v2\/types\/post"}],"author":[{"embeddable":true,"href":"https:\/\/www.abchukuk.com\/index.php\/wp-json\/wp\/v2\/users\/1"}],"replies":[{"embeddable":true,"href":"https:\/\/www.abchukuk.com\/index.php\/wp-json\/wp\/v2\/comments?post=9483"}],"version-history":[{"count":0,"href":"https:\/\/www.abchukuk.com\/index.php\/wp-json\/wp\/v2\/posts\/9483\/revisions"}],"wp:featuredmedia":[{"embeddable":true,"href":"https:\/\/www.abchukuk.com\/index.php\/wp-json\/wp\/v2\/media\/9484"}],"wp:attachment":[{"href":"https:\/\/www.abchukuk.com\/index.php\/wp-json\/wp\/v2\/media?parent=9483"}],"wp:term":[{"taxonomy":"category","embeddable":true,"href":"https:\/\/www.abchukuk.com\/index.php\/wp-json\/wp\/v2\/categories?post=9483"},{"taxonomy":"post_tag","embeddable":true,"href":"https:\/\/www.abchukuk.com\/index.php\/wp-json\/wp\/v2\/tags?post=9483"}],"curies":[{"name":"wp","href":"https:\/\/api.w.org\/{rel}","templated":true}]}}