{"id":9470,"date":"2025-10-27T12:27:00","date_gmt":"2025-10-27T12:27:00","guid":{"rendered":"https:\/\/www.abchukuk.com\/index.php\/2025\/10\/27\/cezaevi-firarisi-7-yildir-saklandigi-depoda-yakalandi\/"},"modified":"2025-10-27T12:27:00","modified_gmt":"2025-10-27T12:27:00","slug":"cezaevi-firarisi-7-yildir-saklandigi-depoda-yakalandi","status":"publish","type":"post","link":"https:\/\/www.abchukuk.com\/index.php\/2025\/10\/27\/cezaevi-firarisi-7-yildir-saklandigi-depoda-yakalandi\/","title":{"rendered":"Cezaevi firarisi 7 y\u0131ld\u0131r sakland\u0131\u011f\u0131 depoda yakaland\u0131"},"content":{"rendered":"<p>Ankara\u2019da 11 ayr\u0131 su\u00e7tan 35 y\u0131l 1 ay hapis cezas\u0131 bulunan firari S.\u00dc., 7 y\u0131ld\u0131r sakland\u0131\u011f\u0131 su sat\u0131\u015f ofisinin deposunda yakaland\u0131. 24 farkl\u0131 su\u00e7 dosyas\u0131 bulunan S.\u00dc., emniyetteki i\u015flemlerinin ard\u0131ndan cezaevine g\u00f6nderilecek.Ankara\u2019da 11 ayr\u0131 su\u00e7tan 35 y\u0131l 1 ay hapis cezas\u0131 bulunan firari S.\u00dc., 7 y\u0131ld\u0131r sakland\u0131\u011f\u0131 su sat\u0131\u015f ofisinin deposunda yakaland\u0131. 24 farkl\u0131 su\u00e7 dosyas\u0131 bulunan S.\u00dc., emniyetteki i\u015flemlerinin ard\u0131ndan cezaevine g\u00f6nderilecek.\u00a0<a href=\"https:\/\/www.cumhuriyet.com.tr\/turkiye\/cezaevi-firarisi-7-yildir-saklandigi-depoda-yakalandi-2447385\" target=\"_blank\" class=\"feedzy-rss-link-icon\">Read More<\/a><\/p>","protected":false},"excerpt":{"rendered":"<p>Ankara\u2019da 11 ayr\u0131 su\u00e7tan 35 y\u0131l 1 ay hapis cezas\u0131 bulunan firari S.\u00dc., 7 y\u0131ld\u0131r sakland\u0131\u011f\u0131 su sat\u0131\u015f ofisinin deposunda yakaland\u0131. 24 farkl\u0131 su\u00e7 dosyas\u0131 bulunan S.\u00dc., emniyetteki i\u015flemlerinin ard\u0131ndan cezaevine g\u00f6nderilecek.Ankara\u2019da 11 ayr\u0131 su\u00e7tan 35 y\u0131l 1 ay hapis cezas\u0131 bulunan firari S.\u00dc., 7 y\u0131ld\u0131r sakland\u0131\u011f\u0131 su sat\u0131\u015f ofisinin deposunda yakaland\u0131. 24 farkl\u0131 su\u00e7 [&hellip;]<\/p>\n","protected":false},"author":1,"featured_media":9471,"comment_status":"open","ping_status":"open","sticky":false,"template":"","format":"standard","meta":{"footnotes":"","_links_to":"","_links_to_target":""},"categories":[1],"tags":[],"class_list":["post-9470","post","type-post","status-publish","format-standard","has-post-thumbnail","hentry","category-haberler"],"_links":{"self":[{"href":"https:\/\/www.abchukuk.com\/index.php\/wp-json\/wp\/v2\/posts\/9470","targetHints":{"allow":["GET"]}}],"collection":[{"href":"https:\/\/www.abchukuk.com\/index.php\/wp-json\/wp\/v2\/posts"}],"about":[{"href":"https:\/\/www.abchukuk.com\/index.php\/wp-json\/wp\/v2\/types\/post"}],"author":[{"embeddable":true,"href":"https:\/\/www.abchukuk.com\/index.php\/wp-json\/wp\/v2\/users\/1"}],"replies":[{"embeddable":true,"href":"https:\/\/www.abchukuk.com\/index.php\/wp-json\/wp\/v2\/comments?post=9470"}],"version-history":[{"count":0,"href":"https:\/\/www.abchukuk.com\/index.php\/wp-json\/wp\/v2\/posts\/9470\/revisions"}],"wp:featuredmedia":[{"embeddable":true,"href":"https:\/\/www.abchukuk.com\/index.php\/wp-json\/wp\/v2\/media\/9471"}],"wp:attachment":[{"href":"https:\/\/www.abchukuk.com\/index.php\/wp-json\/wp\/v2\/media?parent=9470"}],"wp:term":[{"taxonomy":"category","embeddable":true,"href":"https:\/\/www.abchukuk.com\/index.php\/wp-json\/wp\/v2\/categories?post=9470"},{"taxonomy":"post_tag","embeddable":true,"href":"https:\/\/www.abchukuk.com\/index.php\/wp-json\/wp\/v2\/tags?post=9470"}],"curies":[{"name":"wp","href":"https:\/\/api.w.org\/{rel}","templated":true}]}}