{"id":9453,"date":"2025-10-27T10:06:56","date_gmt":"2025-10-27T10:06:56","guid":{"rendered":"https:\/\/www.abchukuk.com\/index.php\/2025\/10\/27\/adalet-bakani-yilmaz-tunctan-ekrem-imamoglu-degerlendirmesi-mueyyideler-turk-ceza-kanunu-ve-kvkkda-var\/"},"modified":"2025-10-27T10:06:56","modified_gmt":"2025-10-27T10:06:56","slug":"adalet-bakani-yilmaz-tunctan-ekrem-imamoglu-degerlendirmesi-mueyyideler-turk-ceza-kanunu-ve-kvkkda-var","status":"publish","type":"post","link":"https:\/\/www.abchukuk.com\/index.php\/2025\/10\/27\/adalet-bakani-yilmaz-tunctan-ekrem-imamoglu-degerlendirmesi-mueyyideler-turk-ceza-kanunu-ve-kvkkda-var\/","title":{"rendered":"Adalet Bakan\u0131 Y\u0131lmaz Tun\u00e7&#8217;tan Ekrem \u0130mamo\u011flu de\u011ferlendirmesi: M\u00fceyyideler T\u00fcrk Ceza Kanunu ve KVKK&#8217;da var"},"content":{"rendered":"<p>Adalet Bakan\u0131 Y\u0131lmaz Tun\u00e7, casusluk iddias\u0131yla ba\u015flat\u0131lan ve Ekrem \u0130mamo\u011flu&#8217;nun tutukland\u0131\u011f\u0131 soru\u015fturmaya ili\u015fkin, ki\u015fisel verilerin korunmas\u0131na ili\u015fkin kanunu hat\u0131rlatt\u0131. Bakan Tun\u00e7, &#8220;Yarg\u0131n\u0131n bu konudaki kararlar\u0131n\u0131, soru\u015fturmalar\u0131 ve yarg\u0131lamalar\u0131 hep birlikte takip etmek gerekir.&#8221; dedi.Adalet Bakan\u0131 Y\u0131lmaz Tun\u00e7, casusluk iddias\u0131yla ba\u015flat\u0131lan ve Ekrem \u0130mamo\u011flu&#8217;nun tutukland\u0131\u011f\u0131 soru\u015fturmaya ili\u015fkin, ki\u015fisel verilerin korunmas\u0131na ili\u015fkin kanunu hat\u0131rlatt\u0131. Bakan Tun\u00e7, &#8220;Yarg\u0131n\u0131n bu konudaki kararlar\u0131n\u0131, soru\u015fturmalar\u0131 ve yarg\u0131lamalar\u0131 hep birlikte takip etmek gerekir.&#8221; dedi.\u00a0<a href=\"https:\/\/anlatilaninotesi.com.tr\/20251027\/adalet-bakani-yilmaz-tunctan-ekrem-imamoglu-degerlendirmesi-mueyyideler-turk-ceza-kanunu-ve-kvkkda-1100504650.html\" target=\"_blank\" class=\"feedzy-rss-link-icon\">Read More<\/a><\/p>","protected":false},"excerpt":{"rendered":"<p>Adalet Bakan\u0131 Y\u0131lmaz Tun\u00e7, casusluk iddias\u0131yla ba\u015flat\u0131lan ve Ekrem \u0130mamo\u011flu&#8217;nun tutukland\u0131\u011f\u0131 soru\u015fturmaya ili\u015fkin, ki\u015fisel verilerin korunmas\u0131na ili\u015fkin kanunu hat\u0131rlatt\u0131. Bakan Tun\u00e7, &#8220;Yarg\u0131n\u0131n bu konudaki kararlar\u0131n\u0131, soru\u015fturmalar\u0131 ve yarg\u0131lamalar\u0131 hep birlikte takip etmek gerekir.&#8221; dedi.Adalet Bakan\u0131 Y\u0131lmaz Tun\u00e7, casusluk iddias\u0131yla ba\u015flat\u0131lan ve Ekrem \u0130mamo\u011flu&#8217;nun tutukland\u0131\u011f\u0131 soru\u015fturmaya ili\u015fkin, ki\u015fisel verilerin korunmas\u0131na ili\u015fkin kanunu hat\u0131rlatt\u0131. Bakan Tun\u00e7, &#8220;Yarg\u0131n\u0131n [&hellip;]<\/p>\n","protected":false},"author":1,"featured_media":0,"comment_status":"open","ping_status":"open","sticky":false,"template":"","format":"standard","meta":{"footnotes":"","_links_to":"","_links_to_target":""},"categories":[1],"tags":[],"class_list":["post-9453","post","type-post","status-publish","format-standard","hentry","category-haberler"],"_links":{"self":[{"href":"https:\/\/www.abchukuk.com\/index.php\/wp-json\/wp\/v2\/posts\/9453","targetHints":{"allow":["GET"]}}],"collection":[{"href":"https:\/\/www.abchukuk.com\/index.php\/wp-json\/wp\/v2\/posts"}],"about":[{"href":"https:\/\/www.abchukuk.com\/index.php\/wp-json\/wp\/v2\/types\/post"}],"author":[{"embeddable":true,"href":"https:\/\/www.abchukuk.com\/index.php\/wp-json\/wp\/v2\/users\/1"}],"replies":[{"embeddable":true,"href":"https:\/\/www.abchukuk.com\/index.php\/wp-json\/wp\/v2\/comments?post=9453"}],"version-history":[{"count":0,"href":"https:\/\/www.abchukuk.com\/index.php\/wp-json\/wp\/v2\/posts\/9453\/revisions"}],"wp:attachment":[{"href":"https:\/\/www.abchukuk.com\/index.php\/wp-json\/wp\/v2\/media?parent=9453"}],"wp:term":[{"taxonomy":"category","embeddable":true,"href":"https:\/\/www.abchukuk.com\/index.php\/wp-json\/wp\/v2\/categories?post=9453"},{"taxonomy":"post_tag","embeddable":true,"href":"https:\/\/www.abchukuk.com\/index.php\/wp-json\/wp\/v2\/tags?post=9453"}],"curies":[{"name":"wp","href":"https:\/\/api.w.org\/{rel}","templated":true}]}}