{"id":9451,"date":"2025-10-27T10:08:00","date_gmt":"2025-10-27T10:08:00","guid":{"rendered":"https:\/\/www.abchukuk.com\/index.php\/2025\/10\/27\/adalet-bakani-tunctan-imamoglu-aciklamasi\/"},"modified":"2025-10-27T10:08:00","modified_gmt":"2025-10-27T10:08:00","slug":"adalet-bakani-tunctan-imamoglu-aciklamasi","status":"publish","type":"post","link":"https:\/\/www.abchukuk.com\/index.php\/2025\/10\/27\/adalet-bakani-tunctan-imamoglu-aciklamasi\/","title":{"rendered":"Adalet Bakan\u0131 Tun\u00e7&#8217;tan &#8216;\u0130mamo\u011flu&#8217; a\u00e7\u0131klamas\u0131"},"content":{"rendered":"<p>Adalet Bakan\u0131 Y\u0131lmaz Tun\u00e7, CHP&#8217;nin tutuklu Cumhurba\u015fkan\u0131 aday\u0131 Ekrem \u0130mamo\u011flu hakk\u0131nda &#8220;casusluk&#8221; iddias\u0131yla y\u00fcr\u00fct\u00fclen soru\u015fturmaya ili\u015fkin soruyu yan\u0131tlad\u0131. Tun\u00e7, &#8220;Yarg\u0131n\u0131n bu konudaki kararlar\u0131n\u0131, soru\u015fturmalar\u0131 ve yarg\u0131lamalar\u0131 hep birlikte takip etmek gerekir&#8221; dedi.Adalet Bakan\u0131 Y\u0131lmaz Tun\u00e7, CHP&#8217;nin tutuklu Cumhurba\u015fkan\u0131 aday\u0131 Ekrem \u0130mamo\u011flu hakk\u0131nda &#8220;casusluk&#8221; iddias\u0131yla y\u00fcr\u00fct\u00fclen soru\u015fturmaya ili\u015fkin soruyu yan\u0131tlad\u0131. Tun\u00e7, &#8220;Yarg\u0131n\u0131n bu konudaki kararlar\u0131n\u0131, soru\u015fturmalar\u0131 ve yarg\u0131lamalar\u0131 hep birlikte takip etmek gerekir&#8221; dedi.\u00a0<a href=\"https:\/\/www.cumhuriyet.com.tr\/turkiye\/adalet-bakani-tunc-tan-imamoglu-aciklamasi-2447330\" target=\"_blank\" class=\"feedzy-rss-link-icon\">Read More<\/a><\/p>","protected":false},"excerpt":{"rendered":"<p>Adalet Bakan\u0131 Y\u0131lmaz Tun\u00e7, CHP&#8217;nin tutuklu Cumhurba\u015fkan\u0131 aday\u0131 Ekrem \u0130mamo\u011flu hakk\u0131nda &#8220;casusluk&#8221; iddias\u0131yla y\u00fcr\u00fct\u00fclen soru\u015fturmaya ili\u015fkin soruyu yan\u0131tlad\u0131. Tun\u00e7, &#8220;Yarg\u0131n\u0131n bu konudaki kararlar\u0131n\u0131, soru\u015fturmalar\u0131 ve yarg\u0131lamalar\u0131 hep birlikte takip etmek gerekir&#8221; dedi.Adalet Bakan\u0131 Y\u0131lmaz Tun\u00e7, CHP&#8217;nin tutuklu Cumhurba\u015fkan\u0131 aday\u0131 Ekrem \u0130mamo\u011flu hakk\u0131nda &#8220;casusluk&#8221; iddias\u0131yla y\u00fcr\u00fct\u00fclen soru\u015fturmaya ili\u015fkin soruyu yan\u0131tlad\u0131. Tun\u00e7, &#8220;Yarg\u0131n\u0131n bu konudaki kararlar\u0131n\u0131, soru\u015fturmalar\u0131 [&hellip;]<\/p>\n","protected":false},"author":1,"featured_media":9452,"comment_status":"open","ping_status":"open","sticky":false,"template":"","format":"standard","meta":{"footnotes":"","_links_to":"","_links_to_target":""},"categories":[1],"tags":[],"class_list":["post-9451","post","type-post","status-publish","format-standard","has-post-thumbnail","hentry","category-haberler"],"_links":{"self":[{"href":"https:\/\/www.abchukuk.com\/index.php\/wp-json\/wp\/v2\/posts\/9451","targetHints":{"allow":["GET"]}}],"collection":[{"href":"https:\/\/www.abchukuk.com\/index.php\/wp-json\/wp\/v2\/posts"}],"about":[{"href":"https:\/\/www.abchukuk.com\/index.php\/wp-json\/wp\/v2\/types\/post"}],"author":[{"embeddable":true,"href":"https:\/\/www.abchukuk.com\/index.php\/wp-json\/wp\/v2\/users\/1"}],"replies":[{"embeddable":true,"href":"https:\/\/www.abchukuk.com\/index.php\/wp-json\/wp\/v2\/comments?post=9451"}],"version-history":[{"count":0,"href":"https:\/\/www.abchukuk.com\/index.php\/wp-json\/wp\/v2\/posts\/9451\/revisions"}],"wp:featuredmedia":[{"embeddable":true,"href":"https:\/\/www.abchukuk.com\/index.php\/wp-json\/wp\/v2\/media\/9452"}],"wp:attachment":[{"href":"https:\/\/www.abchukuk.com\/index.php\/wp-json\/wp\/v2\/media?parent=9451"}],"wp:term":[{"taxonomy":"category","embeddable":true,"href":"https:\/\/www.abchukuk.com\/index.php\/wp-json\/wp\/v2\/categories?post=9451"},{"taxonomy":"post_tag","embeddable":true,"href":"https:\/\/www.abchukuk.com\/index.php\/wp-json\/wp\/v2\/tags?post=9451"}],"curies":[{"name":"wp","href":"https:\/\/api.w.org\/{rel}","templated":true}]}}