{"id":9444,"date":"2025-10-27T09:22:27","date_gmt":"2025-10-27T09:22:27","guid":{"rendered":"https:\/\/www.abchukuk.com\/index.php\/2025\/10\/27\/karadag-45-turk-vatandasi-gozaltinda-turkiyeden-vizesiz-seyahat-askiya-aliniyor\/"},"modified":"2025-10-27T09:22:27","modified_gmt":"2025-10-27T09:22:27","slug":"karadag-45-turk-vatandasi-gozaltinda-turkiyeden-vizesiz-seyahat-askiya-aliniyor","status":"publish","type":"post","link":"https:\/\/www.abchukuk.com\/index.php\/2025\/10\/27\/karadag-45-turk-vatandasi-gozaltinda-turkiyeden-vizesiz-seyahat-askiya-aliniyor\/","title":{"rendered":"Karada\u011f: 45 T\u00fcrk vatanda\u015f\u0131 g\u00f6zalt\u0131nda, T\u00fcrkiye\u2019den vizesiz seyahat ask\u0131ya al\u0131n\u0131yor"},"content":{"rendered":"<p>Hafta sonu Podgorica\u2019da bir ki\u015fiyi yaralad\u0131klar\u0131 gerek\u00e7esiyle iki T\u00fcrk vatanda\u015f\u0131n\u0131n g\u00f6zalt\u0131na al\u0131nmas\u0131n\u0131n ard\u0131ndan \u2018di\u011fer olaylarla ba\u011flant\u0131l\u0131 olduklar\u0131 belirtilerek\u2019 43 T\u00fcrk vatanda\u015f\u0131 daha g\u00f6zalt\u0131na al\u0131nd\u0131. Ba\u015fbakan Spajic, bug\u00fcn \u2018T\u00fcrkiye Cumhuriyeti vatanda\u015flar\u0131 i\u00e7in vizesiz ge\u00e7i\u015fin ge\u00e7ici olarak kald\u0131r\u0131lmas\u0131 karar\u0131 alacaklar\u0131n\u0131\u2019 duyurdu.Hafta sonu Podgorica\u2019da bir ki\u015fiyi yaralad\u0131klar\u0131 gerek\u00e7esiyle iki T\u00fcrk vatanda\u015f\u0131n\u0131n g\u00f6zalt\u0131na al\u0131nmas\u0131n\u0131n ard\u0131ndan \u2018di\u011fer olaylarla ba\u011flant\u0131l\u0131 olduklar\u0131 belirtilerek\u2019 43 T\u00fcrk vatanda\u015f\u0131 daha g\u00f6zalt\u0131na al\u0131nd\u0131. Ba\u015fbakan Spajic, bug\u00fcn \u2018T\u00fcrkiye Cumhuriyeti vatanda\u015flar\u0131 i\u00e7in vizesiz ge\u00e7i\u015fin ge\u00e7ici olarak kald\u0131r\u0131lmas\u0131 karar\u0131 alacaklar\u0131n\u0131\u2019 duyurdu.\u00a0<a href=\"https:\/\/anlatilaninotesi.com.tr\/20251027\/son-dakika-haberler-karadag-45-turk-vatandasi-gozaltinda-turkiyeden-vizesiz-seyahat-askiya-aliniyor-1100503109.html\" target=\"_blank\" class=\"feedzy-rss-link-icon\">Read More<\/a><\/p>","protected":false},"excerpt":{"rendered":"<p>Hafta sonu Podgorica\u2019da bir ki\u015fiyi yaralad\u0131klar\u0131 gerek\u00e7esiyle iki T\u00fcrk vatanda\u015f\u0131n\u0131n g\u00f6zalt\u0131na al\u0131nmas\u0131n\u0131n ard\u0131ndan \u2018di\u011fer olaylarla ba\u011flant\u0131l\u0131 olduklar\u0131 belirtilerek\u2019 43 T\u00fcrk vatanda\u015f\u0131 daha g\u00f6zalt\u0131na al\u0131nd\u0131. Ba\u015fbakan Spajic, bug\u00fcn \u2018T\u00fcrkiye Cumhuriyeti vatanda\u015flar\u0131 i\u00e7in vizesiz ge\u00e7i\u015fin ge\u00e7ici olarak kald\u0131r\u0131lmas\u0131 karar\u0131 alacaklar\u0131n\u0131\u2019 duyurdu.Hafta sonu Podgorica\u2019da bir ki\u015fiyi yaralad\u0131klar\u0131 gerek\u00e7esiyle iki T\u00fcrk vatanda\u015f\u0131n\u0131n g\u00f6zalt\u0131na al\u0131nmas\u0131n\u0131n ard\u0131ndan \u2018di\u011fer olaylarla ba\u011flant\u0131l\u0131 olduklar\u0131 [&hellip;]<\/p>\n","protected":false},"author":1,"featured_media":0,"comment_status":"open","ping_status":"open","sticky":false,"template":"","format":"standard","meta":{"footnotes":"","_links_to":"","_links_to_target":""},"categories":[1],"tags":[],"class_list":["post-9444","post","type-post","status-publish","format-standard","hentry","category-haberler"],"_links":{"self":[{"href":"https:\/\/www.abchukuk.com\/index.php\/wp-json\/wp\/v2\/posts\/9444","targetHints":{"allow":["GET"]}}],"collection":[{"href":"https:\/\/www.abchukuk.com\/index.php\/wp-json\/wp\/v2\/posts"}],"about":[{"href":"https:\/\/www.abchukuk.com\/index.php\/wp-json\/wp\/v2\/types\/post"}],"author":[{"embeddable":true,"href":"https:\/\/www.abchukuk.com\/index.php\/wp-json\/wp\/v2\/users\/1"}],"replies":[{"embeddable":true,"href":"https:\/\/www.abchukuk.com\/index.php\/wp-json\/wp\/v2\/comments?post=9444"}],"version-history":[{"count":0,"href":"https:\/\/www.abchukuk.com\/index.php\/wp-json\/wp\/v2\/posts\/9444\/revisions"}],"wp:attachment":[{"href":"https:\/\/www.abchukuk.com\/index.php\/wp-json\/wp\/v2\/media?parent=9444"}],"wp:term":[{"taxonomy":"category","embeddable":true,"href":"https:\/\/www.abchukuk.com\/index.php\/wp-json\/wp\/v2\/categories?post=9444"},{"taxonomy":"post_tag","embeddable":true,"href":"https:\/\/www.abchukuk.com\/index.php\/wp-json\/wp\/v2\/tags?post=9444"}],"curies":[{"name":"wp","href":"https:\/\/api.w.org\/{rel}","templated":true}]}}