{"id":9437,"date":"2025-10-27T08:05:55","date_gmt":"2025-10-27T08:05:55","guid":{"rendered":"https:\/\/www.abchukuk.com\/index.php\/2025\/10\/27\/caglayan-adliyesi-onunde-gergin-dakikalar-intihara-kalkisti-kendi-bacagina-sikti\/"},"modified":"2025-10-27T08:05:55","modified_gmt":"2025-10-27T08:05:55","slug":"caglayan-adliyesi-onunde-gergin-dakikalar-intihara-kalkisti-kendi-bacagina-sikti","status":"publish","type":"post","link":"https:\/\/www.abchukuk.com\/index.php\/2025\/10\/27\/caglayan-adliyesi-onunde-gergin-dakikalar-intihara-kalkisti-kendi-bacagina-sikti\/","title":{"rendered":"\u00c7a\u011flayan adliyesi \u00f6n\u00fcnde gergin dakikalar! \u0130ntihara kalk\u0131\u015ft\u0131 kendi baca\u011f\u0131na s\u0131kt\u0131"},"content":{"rendered":"<p>\u00c7a\u011flayan Adliyesi \u00f6n\u00fcne saat 10.00 s\u0131ralar\u0131nda gelen M.G. (38) isimli vatanda\u015f kafas\u0131na silah dayayarak \u2018Bana 300 y\u0131l ceza verdiniz diyerek havaya 3 el ate\u015f a\u00e7t\u0131. Olay yerine gelen ekipler \u015fahs\u0131 ikna etmeye \u00e7al\u0131\u015ft\u0131. Daha sonra sol baca\u011f\u0131na ate\u015f eden M.G. kendini yaralad\u0131.<\/p>\n<p>S\u0130C\u0130L\u0130 KABARIK<br \/>\nAmbulansla hastaneye kald\u0131r\u0131lan M.G.\u2019nin 4 y\u0131l kesinlr\u015fmi\u015f hapis cezas\u0131n\u0131n oldu\u011fu, nitelikli doland\u0131r\u0131c\u0131l\u0131k, h\u0131rs\u0131zl\u0131k, kasten yaralama ve ya\u011fma su\u00e7lar\u0131ndan kayd\u0131 oldu\u011fu ortaya \u00e7\u0131kt\u0131. Olayla ilgili soru\u015fturma ba\u015flat\u0131ld\u0131.<\/p>\n<p>\u00c7a\u011flayan Adliyesi \u00f6n\u00fcne gelen bir vatanda\u015f kafas\u0131na silah dayayarak intihara kalk\u0131\u015ft\u0131. Olay yerine gelen polis ekiplerinin ikna \u00e7al\u0131\u015fmalar\u0131 s\u0131ras\u0131nda kendi baca\u011f\u0131na s\u0131kan \u015fah\u0131s ambulansla hastaneye kald\u0131r\u0131ld\u0131. \u015eahs\u0131n bir\u00e7ok sab\u0131kas\u0131n\u0131n oldu\u011fu \u00f6\u011frenildi.\u00a0<a href=\"https:\/\/www.son.tv\/caglayan-adliyesi-onunde-gergin-dakikalar-intihara-kalkisti-kendi-bacagina-sikti\/\" target=\"_blank\" class=\"feedzy-rss-link-icon\">Read More<\/a><\/p>","protected":false},"excerpt":{"rendered":"<p>\u00c7a\u011flayan Adliyesi \u00f6n\u00fcne saat 10.00 s\u0131ralar\u0131nda gelen M.G. (38) isimli vatanda\u015f kafas\u0131na silah dayayarak \u2018Bana 300 y\u0131l ceza verdiniz diyerek havaya 3 el ate\u015f a\u00e7t\u0131. Olay yerine gelen ekipler \u015fahs\u0131 ikna etmeye \u00e7al\u0131\u015ft\u0131. Daha sonra sol baca\u011f\u0131na ate\u015f eden M.G. kendini yaralad\u0131. S\u0130C\u0130L\u0130 KABARIK Ambulansla hastaneye kald\u0131r\u0131lan M.G.\u2019nin 4 y\u0131l kesinlr\u015fmi\u015f hapis cezas\u0131n\u0131n oldu\u011fu, nitelikli [&hellip;]<\/p>\n","protected":false},"author":1,"featured_media":0,"comment_status":"open","ping_status":"open","sticky":false,"template":"","format":"standard","meta":{"footnotes":"","_links_to":"","_links_to_target":""},"categories":[1],"tags":[],"class_list":["post-9437","post","type-post","status-publish","format-standard","hentry","category-haberler"],"_links":{"self":[{"href":"https:\/\/www.abchukuk.com\/index.php\/wp-json\/wp\/v2\/posts\/9437","targetHints":{"allow":["GET"]}}],"collection":[{"href":"https:\/\/www.abchukuk.com\/index.php\/wp-json\/wp\/v2\/posts"}],"about":[{"href":"https:\/\/www.abchukuk.com\/index.php\/wp-json\/wp\/v2\/types\/post"}],"author":[{"embeddable":true,"href":"https:\/\/www.abchukuk.com\/index.php\/wp-json\/wp\/v2\/users\/1"}],"replies":[{"embeddable":true,"href":"https:\/\/www.abchukuk.com\/index.php\/wp-json\/wp\/v2\/comments?post=9437"}],"version-history":[{"count":0,"href":"https:\/\/www.abchukuk.com\/index.php\/wp-json\/wp\/v2\/posts\/9437\/revisions"}],"wp:attachment":[{"href":"https:\/\/www.abchukuk.com\/index.php\/wp-json\/wp\/v2\/media?parent=9437"}],"wp:term":[{"taxonomy":"category","embeddable":true,"href":"https:\/\/www.abchukuk.com\/index.php\/wp-json\/wp\/v2\/categories?post=9437"},{"taxonomy":"post_tag","embeddable":true,"href":"https:\/\/www.abchukuk.com\/index.php\/wp-json\/wp\/v2\/tags?post=9437"}],"curies":[{"name":"wp","href":"https:\/\/api.w.org\/{rel}","templated":true}]}}