{"id":9433,"date":"2025-10-27T08:41:00","date_gmt":"2025-10-27T08:41:00","guid":{"rendered":"https:\/\/www.abchukuk.com\/index.php\/2025\/10\/27\/caglayandaki-istanbul-adliyesinde-olaganustu-onlemler-dun-yasananlar-ifadelere-yansidi\/"},"modified":"2025-10-27T08:41:00","modified_gmt":"2025-10-27T08:41:00","slug":"caglayandaki-istanbul-adliyesinde-olaganustu-onlemler-dun-yasananlar-ifadelere-yansidi","status":"publish","type":"post","link":"https:\/\/www.abchukuk.com\/index.php\/2025\/10\/27\/caglayandaki-istanbul-adliyesinde-olaganustu-onlemler-dun-yasananlar-ifadelere-yansidi\/","title":{"rendered":"\u00c7a\u011flayan&#8217;daki \u0130stanbul Adliyesi&#8217;nde &#8216;ola\u011fan\u00fcst\u00fc&#8217; \u00f6nlemler: D\u00fcn ya\u015fananlar ifadelere yans\u0131d\u0131!"},"content":{"rendered":"<p>\u00c7a\u011flayan&#8217;daki \u0130stanbul Adliyesi d\u00fcn tarihi g\u00fcnlerinden birine daha tan\u0131kl\u0131k etti. Sabah 07.00&#8217;den itibaren adleyi \u00e7evresindeki t\u00fcm yollar ablukaya al\u0131nd\u0131. Avukatlar dahi adliyeye al\u0131nmad\u0131. Ola\u011fan\u00fcst\u00fc durum CHP&#8217;nin cumhurba\u015fkan\u0131 aday\u0131 Ekrem \u0130mamo\u011flu&#8217;nun ifadesinde avukatlar\u0131n\u0131n savunmas\u0131na yans\u0131d\u0131.\u00c7a\u011flayan&#8217;daki \u0130stanbul Adliyesi d\u00fcn tarihi g\u00fcnlerinden birine daha tan\u0131kl\u0131k etti. Sabah 07.00&#8217;den itibaren adleyi \u00e7evresindeki t\u00fcm yollar ablukaya al\u0131nd\u0131. Avukatlar dahi adliyeye al\u0131nmad\u0131. Ola\u011fan\u00fcst\u00fc durum CHP&#8217;nin cumhurba\u015fkan\u0131 aday\u0131 Ekrem \u0130mamo\u011flu&#8217;nun ifadesinde avukatlar\u0131n\u0131n savunmas\u0131na yans\u0131d\u0131.\u00a0<a href=\"https:\/\/www.cumhuriyet.com.tr\/turkiye\/caglayan-daki-istanbul-adliyesi-nde-olaganustu-onlemler-dun-yasananlar-ifadelere-yansidi-2447292\" target=\"_blank\" class=\"feedzy-rss-link-icon\">Read More<\/a><\/p>","protected":false},"excerpt":{"rendered":"<p>\u00c7a\u011flayan&#8217;daki \u0130stanbul Adliyesi d\u00fcn tarihi g\u00fcnlerinden birine daha tan\u0131kl\u0131k etti. Sabah 07.00&#8217;den itibaren adleyi \u00e7evresindeki t\u00fcm yollar ablukaya al\u0131nd\u0131. Avukatlar dahi adliyeye al\u0131nmad\u0131. Ola\u011fan\u00fcst\u00fc durum CHP&#8217;nin cumhurba\u015fkan\u0131 aday\u0131 Ekrem \u0130mamo\u011flu&#8217;nun ifadesinde avukatlar\u0131n\u0131n savunmas\u0131na yans\u0131d\u0131.\u00c7a\u011flayan&#8217;daki \u0130stanbul Adliyesi d\u00fcn tarihi g\u00fcnlerinden birine daha tan\u0131kl\u0131k etti. Sabah 07.00&#8217;den itibaren adleyi \u00e7evresindeki t\u00fcm yollar ablukaya al\u0131nd\u0131. Avukatlar dahi adliyeye [&hellip;]<\/p>\n","protected":false},"author":1,"featured_media":9434,"comment_status":"open","ping_status":"open","sticky":false,"template":"","format":"standard","meta":{"footnotes":"","_links_to":"","_links_to_target":""},"categories":[1],"tags":[],"class_list":["post-9433","post","type-post","status-publish","format-standard","has-post-thumbnail","hentry","category-haberler"],"_links":{"self":[{"href":"https:\/\/www.abchukuk.com\/index.php\/wp-json\/wp\/v2\/posts\/9433","targetHints":{"allow":["GET"]}}],"collection":[{"href":"https:\/\/www.abchukuk.com\/index.php\/wp-json\/wp\/v2\/posts"}],"about":[{"href":"https:\/\/www.abchukuk.com\/index.php\/wp-json\/wp\/v2\/types\/post"}],"author":[{"embeddable":true,"href":"https:\/\/www.abchukuk.com\/index.php\/wp-json\/wp\/v2\/users\/1"}],"replies":[{"embeddable":true,"href":"https:\/\/www.abchukuk.com\/index.php\/wp-json\/wp\/v2\/comments?post=9433"}],"version-history":[{"count":0,"href":"https:\/\/www.abchukuk.com\/index.php\/wp-json\/wp\/v2\/posts\/9433\/revisions"}],"wp:featuredmedia":[{"embeddable":true,"href":"https:\/\/www.abchukuk.com\/index.php\/wp-json\/wp\/v2\/media\/9434"}],"wp:attachment":[{"href":"https:\/\/www.abchukuk.com\/index.php\/wp-json\/wp\/v2\/media?parent=9433"}],"wp:term":[{"taxonomy":"category","embeddable":true,"href":"https:\/\/www.abchukuk.com\/index.php\/wp-json\/wp\/v2\/categories?post=9433"},{"taxonomy":"post_tag","embeddable":true,"href":"https:\/\/www.abchukuk.com\/index.php\/wp-json\/wp\/v2\/tags?post=9433"}],"curies":[{"name":"wp","href":"https:\/\/api.w.org\/{rel}","templated":true}]}}