{"id":9427,"date":"2025-10-27T07:17:20","date_gmt":"2025-10-27T07:17:20","guid":{"rendered":"https:\/\/www.abchukuk.com\/index.php\/2025\/10\/27\/ankara-merkezli-5-ilde-define-cetesi-operasyonu-15-tutuklama\/"},"modified":"2025-10-27T07:17:20","modified_gmt":"2025-10-27T07:17:20","slug":"ankara-merkezli-5-ilde-define-cetesi-operasyonu-15-tutuklama","status":"publish","type":"post","link":"https:\/\/www.abchukuk.com\/index.php\/2025\/10\/27\/ankara-merkezli-5-ilde-define-cetesi-operasyonu-15-tutuklama\/","title":{"rendered":"Ankara merkezli 5 ilde \u2018define \u00e7etesi\u2019 operasyonu; 15 tutuklama"},"content":{"rendered":"<p>Ankara Emniyet M\u00fcd\u00fcrl\u00fc\u011f\u00fc Asayi\u015f \u015eube M\u00fcd\u00fcrl\u00fc\u011f\u00fc Doland\u0131r\u0131c\u0131l\u0131k B\u00fcro Amirli\u011fi ekipleri taraf\u0131ndan Ankara merkezli \u0130zmir, Tokat, \u00c7ank\u0131r\u0131 ve Yozgat\u2019ta, arazi sahiplerini, arazilerinde define oldu\u011funa inand\u0131rarak doland\u0131ran \u00e7eteye y\u00f6nelik operasyon d\u00fczenlendi. 34 \u015f\u00fcpheli, 4 ay boyunca yap\u0131lan takip sonucu d\u00fczenlenen operasyonla g\u00f6zalt\u0131na al\u0131nd\u0131. \u015e\u00fcphelilerin evlerinde ve ara\u00e7lar\u0131nda yap\u0131lan aramada, tarihi eser s\u00fcs\u00fc verilen ha\u00e7, k\u00fcp, ayna gibi materyaller ele ge\u00e7irildi. \u015e\u00fcphelilerin telefon ve bilgisayarlara da inceleme yap\u0131lmak \u00fczere el konuldu.<\/p>\n<p><img fetchpriority=\"high\" decoding=\"async\" class=\"alignnone size-large wp-image-164220\" src=\"https:\/\/www.son.tv\/wp-content\/uploads\/2025\/10\/WhatsApp-Image-2025-10-27-at-10.06.26-4-1024x574.jpeg\" alt=\"\" width=\"1024\" height=\"574\" \/><\/p>\n<p>ARAZ\u0130YE G\u00d6M\u00dcP, TAR\u0130H\u0130 ESER D\u0130YE KANDIRDILAR<\/p>\n<p>Kendilerini \u2018define bulucu\u2019 olarak tan\u0131tan \u015f\u00fcphelilerin, \u00f6nceden ilanlardan tespit ettikleri baz\u0131 vatanda\u015flar\u0131n arazilerine de\u011feri olmayan malzemeler g\u00f6md\u00fckleri, daha sonra arazi sahipleri ile irtibata ge\u00e7erek, arazilerinde define olabilece\u011fini s\u00f6yledikleri belirlendi. \u015e\u00fcpheliler arazi sahiplerine, s\u00f6zde as\u0131rl\u0131k define haritalar\u0131 oldu\u011funu ve define radar sisteminden alarm ald\u0131klar\u0131n\u0131 \u00f6ne s\u00fcrd\u00fc.<\/p>\n<p><img decoding=\"async\" class=\"alignnone size-large wp-image-164221\" src=\"https:\/\/www.son.tv\/wp-content\/uploads\/2025\/10\/WhatsApp-Image-2025-10-27-at-10.06.26-1-1024x554.jpeg\" alt=\"\" width=\"1024\" height=\"554\" \/><\/p>\n<p>KAZMA K\u00dcREK VER\u0130P KAZDIRDILAR<\/p>\n<p>\u00c7ete \u00fcyelerinin arazi sahiplerini inand\u0131rmak i\u00e7in s\u00f6zde uydu g\u00f6r\u00fcnt\u00fclerini izletip ma\u011fdurun eline kazma k\u00fcrek verip yeri kazd\u0131rd\u0131klar\u0131n\u0131 belirlendi. Kaz\u0131 sonucu bulunan tarihi eser oldu\u011funu \u00f6ne s\u00fcrd\u00fckleri malzemeleri el \u00e7abuklu\u011fuyla al\u0131p torbaya koyarak araziden hemen ayr\u0131lan \u015f\u00fcphelilerin, sonradan tekrar m\u00fc\u015ftekilerle irtibata ge\u00e7ip malzemeleri arkeologlara ve uzmanlara g\u00f6stereceklerinden bahsederek, de\u011ferlendirme paras\u0131 istedikleri tespit edildi.<\/p>\n<p><img decoding=\"async\" class=\"alignnone size-large wp-image-164222\" src=\"https:\/\/www.son.tv\/wp-content\/uploads\/2025\/10\/WhatsApp-Image-2025-10-27-at-10.06.26-1024x566.jpeg\" alt=\"\" width=\"1024\" height=\"566\" \/><\/p>\n<p>Y\u00dcKSEK F\u0130YATA SATILACA\u011eINI S\u00d6YLEY\u0130P, PAY \u0130STEM\u0130\u015eLER<\/p>\n<p>S\u00f6zde tarihi eserlerin definelerin \u00e7ok pahal\u0131ya sat\u0131laca\u011f\u0131n\u0131 s\u00f6yleyerek pay isteyen \u015f\u00fcphelilerin, arazilerden malzemeleri \u00e7\u0131kard\u0131ktan sonra ikinci a\u015famaya ge\u00e7tikleri ifade edildi. Ma\u011fdurlar\u0131n, \u2018Tarihi eser uzman\u0131\u2019 olarak tan\u0131tan \u00e7ete \u00fcyeleriyle g\u00f6r\u00fc\u015ft\u00fcr\u00fcld\u00fc\u011f\u00fc, malzemeleri uzmanlar\u0131n incelediklerini ve y\u00fcksek tutara yurt d\u0131\u015f\u0131nda satabileceklerini s\u00f6yledikleri bildirildi.<\/p>\n<p><img loading=\"lazy\" decoding=\"async\" loading=\"lazy\" class=\"alignnone size-large wp-image-164223\" src=\"https:\/\/www.son.tv\/wp-content\/uploads\/2025\/10\/WhatsApp-Image-2025-10-27-at-10.06.26-3-1024x570.jpeg\" alt=\"\" width=\"1024\" height=\"570\" \/><\/p>\n<p>H\u0130KAYELER UYDURMU\u015eLAR<\/p>\n<p>Ayr\u0131ca \u015f\u00fcphelilerin, s\u00f6zde eserlerle ilgili k\u0131ymet artt\u0131r\u0131c\u0131 hikayeler uydurarak, milattan \u00f6nce b\u00fcy\u00fc yapmak i\u00e7in kullan\u0131l\u0131yordu dedikleri ve de\u011fer art\u0131rmaya \u00e7al\u0131\u015ft\u0131klar\u0131 da belirlendi.<\/p>\n<p><img loading=\"lazy\" decoding=\"async\" loading=\"lazy\" class=\"alignnone size-large wp-image-164224\" src=\"https:\/\/www.son.tv\/wp-content\/uploads\/2025\/10\/WhatsApp-Image-2025-10-27-at-10.06.26-2-1024x552.jpeg\" alt=\"\" width=\"1024\" height=\"552\" \/><\/p>\n<p>\u00c7ete \u00fcyelerinin, bu y\u00f6ntemle kand\u0131rd\u0131klar\u0131 15 ma\u011fduru yakla\u015f\u0131k 13 milyon TL doland\u0131rd\u0131\u011f\u0131 saptand\u0131. Emniyetteki i\u015flemlerinin ard\u0131ndan sevk edildikleri adliyede mahkemeye \u00e7\u0131kar\u0131lan 34 \u015f\u00fcpheliden 15\u2019i tutukland\u0131, 19\u2019u adli kontrol karar\u0131yla b\u0131rak\u0131ld\u0131.<\/p>\n<p>Ankara merkezli 5 ilde, arazi sahiplerini arazilerinde define oldu\u011funa inand\u0131rarak 15 ki\u015fiyi 13 milyon TL doland\u0131ran \u00e7eteye operasyon d\u00fczenlendi. Operasyonda, g\u00f6zalt\u0131na al\u0131nan 34 \u015f\u00fcpheliden 15&#8217;i \u00e7\u0131kar\u0131ld\u0131klar\u0131 mahkemece tutukland\u0131.\u00a0<a href=\"https:\/\/www.son.tv\/ankara-merkezli-5-ilde-define-cetesi-operasyonu-15-tutuklama\/\" target=\"_blank\" class=\"feedzy-rss-link-icon\">Read More<\/a><\/p>","protected":false},"excerpt":{"rendered":"<p>Ankara Emniyet M\u00fcd\u00fcrl\u00fc\u011f\u00fc Asayi\u015f \u015eube M\u00fcd\u00fcrl\u00fc\u011f\u00fc Doland\u0131r\u0131c\u0131l\u0131k B\u00fcro Amirli\u011fi ekipleri taraf\u0131ndan Ankara merkezli \u0130zmir, Tokat, \u00c7ank\u0131r\u0131 ve Yozgat\u2019ta, arazi sahiplerini, arazilerinde define oldu\u011funa inand\u0131rarak doland\u0131ran \u00e7eteye y\u00f6nelik operasyon d\u00fczenlendi. 34 \u015f\u00fcpheli, 4 ay boyunca yap\u0131lan takip sonucu d\u00fczenlenen operasyonla g\u00f6zalt\u0131na al\u0131nd\u0131. \u015e\u00fcphelilerin evlerinde ve ara\u00e7lar\u0131nda yap\u0131lan aramada, tarihi eser s\u00fcs\u00fc verilen ha\u00e7, k\u00fcp, ayna gibi [&hellip;]<\/p>\n","protected":false},"author":1,"featured_media":9428,"comment_status":"open","ping_status":"open","sticky":false,"template":"","format":"standard","meta":{"footnotes":"","_links_to":"","_links_to_target":""},"categories":[1],"tags":[],"class_list":["post-9427","post","type-post","status-publish","format-standard","has-post-thumbnail","hentry","category-haberler"],"_links":{"self":[{"href":"https:\/\/www.abchukuk.com\/index.php\/wp-json\/wp\/v2\/posts\/9427","targetHints":{"allow":["GET"]}}],"collection":[{"href":"https:\/\/www.abchukuk.com\/index.php\/wp-json\/wp\/v2\/posts"}],"about":[{"href":"https:\/\/www.abchukuk.com\/index.php\/wp-json\/wp\/v2\/types\/post"}],"author":[{"embeddable":true,"href":"https:\/\/www.abchukuk.com\/index.php\/wp-json\/wp\/v2\/users\/1"}],"replies":[{"embeddable":true,"href":"https:\/\/www.abchukuk.com\/index.php\/wp-json\/wp\/v2\/comments?post=9427"}],"version-history":[{"count":0,"href":"https:\/\/www.abchukuk.com\/index.php\/wp-json\/wp\/v2\/posts\/9427\/revisions"}],"wp:featuredmedia":[{"embeddable":true,"href":"https:\/\/www.abchukuk.com\/index.php\/wp-json\/wp\/v2\/media\/9428"}],"wp:attachment":[{"href":"https:\/\/www.abchukuk.com\/index.php\/wp-json\/wp\/v2\/media?parent=9427"}],"wp:term":[{"taxonomy":"category","embeddable":true,"href":"https:\/\/www.abchukuk.com\/index.php\/wp-json\/wp\/v2\/categories?post=9427"},{"taxonomy":"post_tag","embeddable":true,"href":"https:\/\/www.abchukuk.com\/index.php\/wp-json\/wp\/v2\/tags?post=9427"}],"curies":[{"name":"wp","href":"https:\/\/api.w.org\/{rel}","templated":true}]}}