{"id":9426,"date":"2025-10-27T07:19:17","date_gmt":"2025-10-27T07:19:17","guid":{"rendered":"https:\/\/www.abchukuk.com\/index.php\/2025\/10\/27\/kartalkaya-faciasinin-3uncu-durusmasi-basladi\/"},"modified":"2025-10-27T07:19:17","modified_gmt":"2025-10-27T07:19:17","slug":"kartalkaya-faciasinin-3uncu-durusmasi-basladi","status":"publish","type":"post","link":"https:\/\/www.abchukuk.com\/index.php\/2025\/10\/27\/kartalkaya-faciasinin-3uncu-durusmasi-basladi\/","title":{"rendered":"Kartalkaya Facias\u0131n\u0131n 3\u2019\u00fcnc\u00fc duru\u015fmas\u0131 ba\u015flad\u0131"},"content":{"rendered":"<p>Kartalkaya\u2019daki Grand Kartal Otel\u2019de 78 ki\u015finin hayat\u0131n\u0131 kaybetti\u011fi, 137 ki\u015finin ise yaraland\u0131\u011f\u0131 yang\u0131n facias\u0131n\u0131n 2\u2019nci duru\u015fmas\u0131, 22 Eyl\u00fcl\u2019de Bolu Sosyal Bilimler Lisesi Spor Salonu\u2019nda g\u00f6r\u00fclm\u00fc\u015ft\u00fc. Mahkemeye 19\u2019u tutuklu 32 san\u0131k, m\u00fc\u015ftekiler ve taraf avukatlar\u0131 kat\u0131ld\u0131. San\u0131klar, davaya birle\u015fen iddianameyle dahil olan 4 m\u00fc\u015fteki i\u00e7in savunmalar\u0131n\u0131 yapt\u0131. Duru\u015fmada celse aras\u0131nda gelen belgelere ili\u015fkin m\u00fc\u015fteki avukatlar\u0131 beyanlar\u0131 al\u0131nd\u0131ktan sonra tan\u0131k beyanlar\u0131na ge\u00e7ildi. Ard\u0131ndan mahkeme heyeti ara kararlar\u0131n\u0131 a\u00e7\u0131klad\u0131. San\u0131k avukatlar\u0131 esas hakk\u0131ndaki m\u00fctalaaya kar\u015f\u0131 s\u00fcre talep ederken, haklar\u0131nda tutuklama talebi bulunan tutuksuz san\u0131klardan Do\u011fan Ayd\u0131n beraatini, K\u00fcbra Demir, Ece Kayacan ve Mehmet Salun ise tutuklama taleplerinin reddini istedi. Ara karar\u0131n\u0131 a\u00e7\u0131klayan mahkeme heyeti, esas hakk\u0131ndaki m\u00fctalaaya kar\u015f\u0131 s\u00fcre verilmesine, tutuklu san\u0131klar\u0131n tutukluluk halinin devam\u0131na, Mehmet Salun\u2019un tutuklanmas\u0131na, tutuksuz san\u0131klar hakk\u0131nda uygulanan adli kontrol tedbirlerinin s\u00fcrd\u00fcr\u00fclmesine h\u00fckmederek duru\u015fmay\u0131 erteledi.<\/p>\n<p>DAVANIN 3\u2019\u00dcNC\u00dc DURU\u015eMASI BUG\u00dcN BA\u015eLADI<\/p>\n<p>22 Eyl\u00fcl\u2019de Bolu Sosyal Bilimler Lisesi Spor Salonu\u2019nda g\u00f6r\u00fclen 2\u2019nci duru\u015fman\u0131n ard\u0131ndan mahkemeye heyeti ara karar\u0131n\u0131 verirken 27 Ekim tarihine davay\u0131 erteledi. Grand Kartal Otel\u2019de yak\u0131nlar\u0131n\u0131 kaybeden aileler ise davan\u0131n g\u00f6r\u00fclece\u011fi Bolu Sosyal Bilimler Lisesi\u2019ne ak\u0131n etti.<\/p>\n<p>Bolu&#8217;nun Kartalkaya Kayak Merkezi&#8217;nde, 21 Ocak&#8217;ta \u00e7\u0131kan ve 78 ki\u015finin hayat\u0131n\u0131 kaybetti\u011fi, 137 ki\u015finin yaraland\u0131\u011f\u0131 ve 19&#8217;u tutuklu 32 san\u0131\u011f\u0131n yarg\u0131land\u0131\u011f\u0131 Grand Kartal Otel yang\u0131n\u0131na ili\u015fkin davan\u0131n 3&#8217;\u00fcnc\u00fc duru\u015fmas\u0131 bug\u00fcn ba\u015flad\u0131.\u00a0<a href=\"https:\/\/www.son.tv\/kartalkaya-faciasinin-3uncu-durusmasi-basladi\/\" target=\"_blank\" class=\"feedzy-rss-link-icon\">Read More<\/a><\/p>","protected":false},"excerpt":{"rendered":"<p>Kartalkaya\u2019daki Grand Kartal Otel\u2019de 78 ki\u015finin hayat\u0131n\u0131 kaybetti\u011fi, 137 ki\u015finin ise yaraland\u0131\u011f\u0131 yang\u0131n facias\u0131n\u0131n 2\u2019nci duru\u015fmas\u0131, 22 Eyl\u00fcl\u2019de Bolu Sosyal Bilimler Lisesi Spor Salonu\u2019nda g\u00f6r\u00fclm\u00fc\u015ft\u00fc. Mahkemeye 19\u2019u tutuklu 32 san\u0131k, m\u00fc\u015ftekiler ve taraf avukatlar\u0131 kat\u0131ld\u0131. San\u0131klar, davaya birle\u015fen iddianameyle dahil olan 4 m\u00fc\u015fteki i\u00e7in savunmalar\u0131n\u0131 yapt\u0131. Duru\u015fmada celse aras\u0131nda gelen belgelere ili\u015fkin m\u00fc\u015fteki avukatlar\u0131 beyanlar\u0131 [&hellip;]<\/p>\n","protected":false},"author":1,"featured_media":0,"comment_status":"open","ping_status":"open","sticky":false,"template":"","format":"standard","meta":{"footnotes":"","_links_to":"","_links_to_target":""},"categories":[1],"tags":[],"class_list":["post-9426","post","type-post","status-publish","format-standard","hentry","category-haberler"],"_links":{"self":[{"href":"https:\/\/www.abchukuk.com\/index.php\/wp-json\/wp\/v2\/posts\/9426","targetHints":{"allow":["GET"]}}],"collection":[{"href":"https:\/\/www.abchukuk.com\/index.php\/wp-json\/wp\/v2\/posts"}],"about":[{"href":"https:\/\/www.abchukuk.com\/index.php\/wp-json\/wp\/v2\/types\/post"}],"author":[{"embeddable":true,"href":"https:\/\/www.abchukuk.com\/index.php\/wp-json\/wp\/v2\/users\/1"}],"replies":[{"embeddable":true,"href":"https:\/\/www.abchukuk.com\/index.php\/wp-json\/wp\/v2\/comments?post=9426"}],"version-history":[{"count":0,"href":"https:\/\/www.abchukuk.com\/index.php\/wp-json\/wp\/v2\/posts\/9426\/revisions"}],"wp:attachment":[{"href":"https:\/\/www.abchukuk.com\/index.php\/wp-json\/wp\/v2\/media?parent=9426"}],"wp:term":[{"taxonomy":"category","embeddable":true,"href":"https:\/\/www.abchukuk.com\/index.php\/wp-json\/wp\/v2\/categories?post=9426"},{"taxonomy":"post_tag","embeddable":true,"href":"https:\/\/www.abchukuk.com\/index.php\/wp-json\/wp\/v2\/tags?post=9426"}],"curies":[{"name":"wp","href":"https:\/\/api.w.org\/{rel}","templated":true}]}}