{"id":9424,"date":"2025-10-27T07:33:00","date_gmt":"2025-10-27T07:33:00","guid":{"rendered":"https:\/\/www.abchukuk.com\/index.php\/2025\/10\/27\/son-dakika-caglayan-adliyesi-onunde-silah-sesleri\/"},"modified":"2025-10-27T07:33:00","modified_gmt":"2025-10-27T07:33:00","slug":"son-dakika-caglayan-adliyesi-onunde-silah-sesleri","status":"publish","type":"post","link":"https:\/\/www.abchukuk.com\/index.php\/2025\/10\/27\/son-dakika-caglayan-adliyesi-onunde-silah-sesleri\/","title":{"rendered":"Son dakika&#8230; \u00c7a\u011flayan Adliyesi \u00f6n\u00fcnde silah sesleri!"},"content":{"rendered":"<p>Son dakika haberi&#8230; \u00c7a\u011flayan&#8217;daki \u0130stanbul Adalet Saray\u0131 \u00f6n\u00fcne silah\u0131yla gelen bir ki\u015fi saat 10.10 s\u0131ralar\u0131nda \u00f6nce havaya ate\u015f a\u00e7t\u0131. &#8220;Buraya gelip kendimi \u00f6ld\u00fcrmek i\u00e7in 2 g\u00fcn ka\u00e7t\u0131m&#8221; diyerek teti\u011fe bir kez daha bast\u0131. Polisin ikna \u00e7abalar\u0131 s\u0131ras\u0131nda kendi baca\u011f\u0131na ate\u015f etti. O anlar kameraya yans\u0131d\u0131.Son dakika haberi&#8230; \u00c7a\u011flayan&#8217;daki \u0130stanbul Adalet Saray\u0131 \u00f6n\u00fcne silah\u0131yla gelen bir ki\u015fi saat 10.10 s\u0131ralar\u0131nda \u00f6nce havaya ate\u015f a\u00e7t\u0131. &#8220;Buraya gelip kendimi \u00f6ld\u00fcrmek i\u00e7in 2 g\u00fcn ka\u00e7t\u0131m&#8221; diyerek teti\u011fe bir kez daha bast\u0131. Polisin ikna \u00e7abalar\u0131 s\u0131ras\u0131nda kendi baca\u011f\u0131na ate\u015f etti. O anlar kameraya yans\u0131d\u0131.\u00a0<a href=\"https:\/\/www.cumhuriyet.com.tr\/turkiye\/son-dakika-caglayan-adliyesi-onunde-silah-sesleri-2447261\" target=\"_blank\" class=\"feedzy-rss-link-icon\">Read More<\/a><\/p>","protected":false},"excerpt":{"rendered":"<p>Son dakika haberi&#8230; \u00c7a\u011flayan&#8217;daki \u0130stanbul Adalet Saray\u0131 \u00f6n\u00fcne silah\u0131yla gelen bir ki\u015fi saat 10.10 s\u0131ralar\u0131nda \u00f6nce havaya ate\u015f a\u00e7t\u0131. &#8220;Buraya gelip kendimi \u00f6ld\u00fcrmek i\u00e7in 2 g\u00fcn ka\u00e7t\u0131m&#8221; diyerek teti\u011fe bir kez daha bast\u0131. Polisin ikna \u00e7abalar\u0131 s\u0131ras\u0131nda kendi baca\u011f\u0131na ate\u015f etti. O anlar kameraya yans\u0131d\u0131.Son dakika haberi&#8230; \u00c7a\u011flayan&#8217;daki \u0130stanbul Adalet Saray\u0131 \u00f6n\u00fcne silah\u0131yla gelen bir [&hellip;]<\/p>\n","protected":false},"author":1,"featured_media":9425,"comment_status":"open","ping_status":"open","sticky":false,"template":"","format":"standard","meta":{"footnotes":"","_links_to":"","_links_to_target":""},"categories":[1],"tags":[],"class_list":["post-9424","post","type-post","status-publish","format-standard","has-post-thumbnail","hentry","category-haberler"],"_links":{"self":[{"href":"https:\/\/www.abchukuk.com\/index.php\/wp-json\/wp\/v2\/posts\/9424","targetHints":{"allow":["GET"]}}],"collection":[{"href":"https:\/\/www.abchukuk.com\/index.php\/wp-json\/wp\/v2\/posts"}],"about":[{"href":"https:\/\/www.abchukuk.com\/index.php\/wp-json\/wp\/v2\/types\/post"}],"author":[{"embeddable":true,"href":"https:\/\/www.abchukuk.com\/index.php\/wp-json\/wp\/v2\/users\/1"}],"replies":[{"embeddable":true,"href":"https:\/\/www.abchukuk.com\/index.php\/wp-json\/wp\/v2\/comments?post=9424"}],"version-history":[{"count":0,"href":"https:\/\/www.abchukuk.com\/index.php\/wp-json\/wp\/v2\/posts\/9424\/revisions"}],"wp:featuredmedia":[{"embeddable":true,"href":"https:\/\/www.abchukuk.com\/index.php\/wp-json\/wp\/v2\/media\/9425"}],"wp:attachment":[{"href":"https:\/\/www.abchukuk.com\/index.php\/wp-json\/wp\/v2\/media?parent=9424"}],"wp:term":[{"taxonomy":"category","embeddable":true,"href":"https:\/\/www.abchukuk.com\/index.php\/wp-json\/wp\/v2\/categories?post=9424"},{"taxonomy":"post_tag","embeddable":true,"href":"https:\/\/www.abchukuk.com\/index.php\/wp-json\/wp\/v2\/tags?post=9424"}],"curies":[{"name":"wp","href":"https:\/\/api.w.org\/{rel}","templated":true}]}}