{"id":9421,"date":"2025-10-27T06:36:11","date_gmt":"2025-10-27T06:36:11","guid":{"rendered":"https:\/\/www.abchukuk.com\/index.php\/2025\/10\/27\/konya-merkezli-9-ilde-fetonun-mahrem-yapilanmasina-operasyon-20-gozalti\/"},"modified":"2025-10-27T06:36:11","modified_gmt":"2025-10-27T06:36:11","slug":"konya-merkezli-9-ilde-fetonun-mahrem-yapilanmasina-operasyon-20-gozalti","status":"publish","type":"post","link":"https:\/\/www.abchukuk.com\/index.php\/2025\/10\/27\/konya-merkezli-9-ilde-fetonun-mahrem-yapilanmasina-operasyon-20-gozalti\/","title":{"rendered":"Konya merkezli 9 ilde FET\u00d6\u2019n\u00fcn mahrem yap\u0131lanmas\u0131na operasyon: 20 g\u00f6zalt\u0131"},"content":{"rendered":"<p>Konya Cumhuriyet Ba\u015fsavc\u0131l\u0131\u011f\u0131 taraf\u0131ndan y\u00fcr\u00fct\u00fclen FET\u00d6 soru\u015fturmalar\u0131 kapsam\u0131nda \u00f6rg\u00fct\u00fcn T\u00fcrk Silahl\u0131 Kuvvetleri mahrem yap\u0131lanmas\u0131nda g\u00f6rev ald\u0131\u011f\u0131 tespit edilen 25 \u015f\u00fcpheli hakk\u0131nda g\u00f6zalt\u0131 karar\u0131 verildi. \u0130l Emniyet M\u00fcd\u00fcrl\u00fc\u011f\u00fc Ter\u00f6rle M\u00fccadele \u015eube M\u00fcd\u00fcrl\u00fc\u011f\u00fc ekiplerince Konya merkezli Ankara, K\u0131r\u0131kkale, \u0130zmir, Manisa, \u0130stanbul, Kocaeli, Erzurum ve Karaman\u2019da bu sabah ger\u00e7ekle\u015ftirilen e\u015f zamanl\u0131 operasyonda 20 \u015f\u00fcpheli yakalanarak g\u00f6zalt\u0131na al\u0131nd\u0131. 5 \u015f\u00fcpheliyi yakalama \u00e7al\u0131\u015fmalar\u0131n\u0131n ise s\u00fcrd\u00fc\u011f\u00fc belirtildi.<\/p>\n<p>Konya merkezli 9 ilde, FET\u00d6\u2019n\u00fcn T\u00fcrk Silahl\u0131 Kuvvetleri mahrem yap\u0131lanmas\u0131nda g\u00f6rev ald\u0131\u011f\u0131 tespit edilen 20 \u015f\u00fcpheli g\u00f6zalt\u0131na al\u0131nd\u0131.\u00a0<a href=\"https:\/\/www.son.tv\/konya-merkezli-9-ilde-fetonun-mahrem-yapilanmasina-operasyon-20-gozalti\/\" target=\"_blank\" class=\"feedzy-rss-link-icon\">Read More<\/a><\/p>","protected":false},"excerpt":{"rendered":"<p>Konya Cumhuriyet Ba\u015fsavc\u0131l\u0131\u011f\u0131 taraf\u0131ndan y\u00fcr\u00fct\u00fclen FET\u00d6 soru\u015fturmalar\u0131 kapsam\u0131nda \u00f6rg\u00fct\u00fcn T\u00fcrk Silahl\u0131 Kuvvetleri mahrem yap\u0131lanmas\u0131nda g\u00f6rev ald\u0131\u011f\u0131 tespit edilen 25 \u015f\u00fcpheli hakk\u0131nda g\u00f6zalt\u0131 karar\u0131 verildi. \u0130l Emniyet M\u00fcd\u00fcrl\u00fc\u011f\u00fc Ter\u00f6rle M\u00fccadele \u015eube M\u00fcd\u00fcrl\u00fc\u011f\u00fc ekiplerince Konya merkezli Ankara, K\u0131r\u0131kkale, \u0130zmir, Manisa, \u0130stanbul, Kocaeli, Erzurum ve Karaman\u2019da bu sabah ger\u00e7ekle\u015ftirilen e\u015f zamanl\u0131 operasyonda 20 \u015f\u00fcpheli yakalanarak g\u00f6zalt\u0131na al\u0131nd\u0131. 5 [&hellip;]<\/p>\n","protected":false},"author":1,"featured_media":0,"comment_status":"open","ping_status":"open","sticky":false,"template":"","format":"standard","meta":{"footnotes":"","_links_to":"","_links_to_target":""},"categories":[1],"tags":[],"class_list":["post-9421","post","type-post","status-publish","format-standard","hentry","category-haberler"],"_links":{"self":[{"href":"https:\/\/www.abchukuk.com\/index.php\/wp-json\/wp\/v2\/posts\/9421","targetHints":{"allow":["GET"]}}],"collection":[{"href":"https:\/\/www.abchukuk.com\/index.php\/wp-json\/wp\/v2\/posts"}],"about":[{"href":"https:\/\/www.abchukuk.com\/index.php\/wp-json\/wp\/v2\/types\/post"}],"author":[{"embeddable":true,"href":"https:\/\/www.abchukuk.com\/index.php\/wp-json\/wp\/v2\/users\/1"}],"replies":[{"embeddable":true,"href":"https:\/\/www.abchukuk.com\/index.php\/wp-json\/wp\/v2\/comments?post=9421"}],"version-history":[{"count":0,"href":"https:\/\/www.abchukuk.com\/index.php\/wp-json\/wp\/v2\/posts\/9421\/revisions"}],"wp:attachment":[{"href":"https:\/\/www.abchukuk.com\/index.php\/wp-json\/wp\/v2\/media?parent=9421"}],"wp:term":[{"taxonomy":"category","embeddable":true,"href":"https:\/\/www.abchukuk.com\/index.php\/wp-json\/wp\/v2\/categories?post=9421"},{"taxonomy":"post_tag","embeddable":true,"href":"https:\/\/www.abchukuk.com\/index.php\/wp-json\/wp\/v2\/tags?post=9421"}],"curies":[{"name":"wp","href":"https:\/\/api.w.org\/{rel}","templated":true}]}}