{"id":9419,"date":"2025-10-27T06:43:00","date_gmt":"2025-10-27T06:43:00","guid":{"rendered":"https:\/\/www.abchukuk.com\/index.php\/2025\/10\/27\/kartalkaya-faciasinda-3uncu-durusma-78-kisiye-mezar-olmustu\/"},"modified":"2025-10-27T06:43:00","modified_gmt":"2025-10-27T06:43:00","slug":"kartalkaya-faciasinda-3uncu-durusma-78-kisiye-mezar-olmustu","status":"publish","type":"post","link":"https:\/\/www.abchukuk.com\/index.php\/2025\/10\/27\/kartalkaya-faciasinda-3uncu-durusma-78-kisiye-mezar-olmustu\/","title":{"rendered":"Kartalkaya Facias\u0131nda 3\u2019\u00fcnc\u00fc Duru\u015fma! 78 Ki\u015fiye Mezar Olmu\u015ftu&#8230;"},"content":{"rendered":"<p><a href=\"https:\/\/www.gercekgundem.com\/guncel\/kartalkaya-faciasinda-3uncu-durusma-78-kisiye-mezar-olmustu-560990\"><br \/>\n                                                            <img decoding=\"async\" src=\"https:\/\/i.gercekgundem.com\/2\/150\/84\/storage\/files\/images\/2025\/10\/27\/kartalkaya-faciasinda-3uncu-durusma-78-kisiye-mezar-olmustu-txtd.jpg\" width=\"150\" height=\"84\" border=\"0\" align=\"right\" \/><br \/>\n                                                    <\/a><\/p>\n<h4>Kartalkaya\u2019daki otel yang\u0131n\u0131 davas\u0131nda \u00fc\u00e7\u00fcnc\u00fc perde! 78 ki\u015finin \u00f6l\u00fcm\u00fcne neden olan faciayla ilgili davada san\u0131klar bug\u00fcn yeniden h\u00e2kim kar\u015f\u0131s\u0131nda. Savc\u0131l\u0131k baz\u0131 san\u0131klar i\u00e7in 1950 y\u0131la kadar hapis cezas\u0131 istedi.<\/h4>\n<p>Kartalkaya\u2019daki otel yang\u0131n\u0131 davas\u0131nda \u00fc\u00e7\u00fcnc\u00fc perde! 78 ki\u015finin \u00f6l\u00fcm\u00fcne neden olan faciayla ilgili davada san\u0131klar bug\u00fcn yeniden h\u00e2kim kar\u015f\u0131s\u0131nda. Savc\u0131l\u0131k baz\u0131 san\u0131klar i\u00e7in 1950 y\u0131la kadar hapis cezas\u0131 istedi.\u00a0<a href=\"https:\/\/www.gercekgundem.com\/guncel\/kartalkaya-faciasinda-3uncu-durusma-78-kisiye-mezar-olmustu-560990\" target=\"_blank\" class=\"feedzy-rss-link-icon\">Read More<\/a><\/p>","protected":false},"excerpt":{"rendered":"<p>Kartalkaya\u2019daki otel yang\u0131n\u0131 davas\u0131nda \u00fc\u00e7\u00fcnc\u00fc perde! 78 ki\u015finin \u00f6l\u00fcm\u00fcne neden olan faciayla ilgili davada san\u0131klar bug\u00fcn yeniden h\u00e2kim kar\u015f\u0131s\u0131nda. Savc\u0131l\u0131k baz\u0131 san\u0131klar i\u00e7in 1950 y\u0131la kadar hapis cezas\u0131 istedi. Kartalkaya\u2019daki otel yang\u0131n\u0131 davas\u0131nda \u00fc\u00e7\u00fcnc\u00fc perde! 78 ki\u015finin \u00f6l\u00fcm\u00fcne neden olan faciayla ilgili davada san\u0131klar bug\u00fcn yeniden h\u00e2kim kar\u015f\u0131s\u0131nda. Savc\u0131l\u0131k baz\u0131 san\u0131klar i\u00e7in 1950 y\u0131la kadar [&hellip;]<\/p>\n","protected":false},"author":1,"featured_media":9420,"comment_status":"open","ping_status":"open","sticky":false,"template":"","format":"standard","meta":{"footnotes":"","_links_to":"","_links_to_target":""},"categories":[1],"tags":[],"class_list":["post-9419","post","type-post","status-publish","format-standard","has-post-thumbnail","hentry","category-haberler"],"_links":{"self":[{"href":"https:\/\/www.abchukuk.com\/index.php\/wp-json\/wp\/v2\/posts\/9419","targetHints":{"allow":["GET"]}}],"collection":[{"href":"https:\/\/www.abchukuk.com\/index.php\/wp-json\/wp\/v2\/posts"}],"about":[{"href":"https:\/\/www.abchukuk.com\/index.php\/wp-json\/wp\/v2\/types\/post"}],"author":[{"embeddable":true,"href":"https:\/\/www.abchukuk.com\/index.php\/wp-json\/wp\/v2\/users\/1"}],"replies":[{"embeddable":true,"href":"https:\/\/www.abchukuk.com\/index.php\/wp-json\/wp\/v2\/comments?post=9419"}],"version-history":[{"count":0,"href":"https:\/\/www.abchukuk.com\/index.php\/wp-json\/wp\/v2\/posts\/9419\/revisions"}],"wp:featuredmedia":[{"embeddable":true,"href":"https:\/\/www.abchukuk.com\/index.php\/wp-json\/wp\/v2\/media\/9420"}],"wp:attachment":[{"href":"https:\/\/www.abchukuk.com\/index.php\/wp-json\/wp\/v2\/media?parent=9419"}],"wp:term":[{"taxonomy":"category","embeddable":true,"href":"https:\/\/www.abchukuk.com\/index.php\/wp-json\/wp\/v2\/categories?post=9419"},{"taxonomy":"post_tag","embeddable":true,"href":"https:\/\/www.abchukuk.com\/index.php\/wp-json\/wp\/v2\/tags?post=9419"}],"curies":[{"name":"wp","href":"https:\/\/api.w.org\/{rel}","templated":true}]}}