{"id":9417,"date":"2025-10-27T06:46:00","date_gmt":"2025-10-27T06:46:00","guid":{"rendered":"https:\/\/www.abchukuk.com\/index.php\/2025\/10\/27\/kirikkalede-polis-ile-arbede-iki-jandarma-personeli-de-dahil-23-kisiye-gozalti\/"},"modified":"2025-10-27T06:46:00","modified_gmt":"2025-10-27T06:46:00","slug":"kirikkalede-polis-ile-arbede-iki-jandarma-personeli-de-dahil-23-kisiye-gozalti","status":"publish","type":"post","link":"https:\/\/www.abchukuk.com\/index.php\/2025\/10\/27\/kirikkalede-polis-ile-arbede-iki-jandarma-personeli-de-dahil-23-kisiye-gozalti\/","title":{"rendered":"K\u0131r\u0131kkale&#8217;de polis ile arbede: \u0130ki jandarma personeli de dahil 23 ki\u015fiye g\u00f6zalt\u0131"},"content":{"rendered":"<p>K\u0131r\u0131kkale&#8217;de ba\u011f evinde bir e\u011flence s\u0131ras\u0131nda silahla havaya ate\u015f eden \u015fah\u0131slarla polis ekipleri aras\u0131nda arbede \u00e7\u0131kt\u0131. Olayda iki polis memuru darp sonucu yaralan\u0131rken, aralar\u0131nda iki jandarma personeli ve bir infaz koruma memurunun da bulundu\u011fu 23 ki\u015fi g\u00f6zalt\u0131na al\u0131nd\u0131.K\u0131r\u0131kkale&#8217;de ba\u011f evinde bir e\u011flence s\u0131ras\u0131nda silahla havaya ate\u015f eden \u015fah\u0131slarla polis ekipleri aras\u0131nda arbede \u00e7\u0131kt\u0131. Olayda iki polis memuru darp sonucu yaralan\u0131rken, aralar\u0131nda iki jandarma personeli ve bir infaz koruma memurunun da bulundu\u011fu 23 ki\u015fi g\u00f6zalt\u0131na al\u0131nd\u0131.\u00a0<a href=\"https:\/\/www.cumhuriyet.com.tr\/turkiye\/kirikkale-de-polis-ile-arbede-iki-jandarma-personeli-de-dahil-23-kisiye-gozalti-2447223\" target=\"_blank\" class=\"feedzy-rss-link-icon\">Read More<\/a><\/p>","protected":false},"excerpt":{"rendered":"<p>K\u0131r\u0131kkale&#8217;de ba\u011f evinde bir e\u011flence s\u0131ras\u0131nda silahla havaya ate\u015f eden \u015fah\u0131slarla polis ekipleri aras\u0131nda arbede \u00e7\u0131kt\u0131. Olayda iki polis memuru darp sonucu yaralan\u0131rken, aralar\u0131nda iki jandarma personeli ve bir infaz koruma memurunun da bulundu\u011fu 23 ki\u015fi g\u00f6zalt\u0131na al\u0131nd\u0131.K\u0131r\u0131kkale&#8217;de ba\u011f evinde bir e\u011flence s\u0131ras\u0131nda silahla havaya ate\u015f eden \u015fah\u0131slarla polis ekipleri aras\u0131nda arbede \u00e7\u0131kt\u0131. Olayda iki [&hellip;]<\/p>\n","protected":false},"author":1,"featured_media":9418,"comment_status":"open","ping_status":"open","sticky":false,"template":"","format":"standard","meta":{"footnotes":"","_links_to":"","_links_to_target":""},"categories":[1],"tags":[],"class_list":["post-9417","post","type-post","status-publish","format-standard","has-post-thumbnail","hentry","category-haberler"],"_links":{"self":[{"href":"https:\/\/www.abchukuk.com\/index.php\/wp-json\/wp\/v2\/posts\/9417","targetHints":{"allow":["GET"]}}],"collection":[{"href":"https:\/\/www.abchukuk.com\/index.php\/wp-json\/wp\/v2\/posts"}],"about":[{"href":"https:\/\/www.abchukuk.com\/index.php\/wp-json\/wp\/v2\/types\/post"}],"author":[{"embeddable":true,"href":"https:\/\/www.abchukuk.com\/index.php\/wp-json\/wp\/v2\/users\/1"}],"replies":[{"embeddable":true,"href":"https:\/\/www.abchukuk.com\/index.php\/wp-json\/wp\/v2\/comments?post=9417"}],"version-history":[{"count":0,"href":"https:\/\/www.abchukuk.com\/index.php\/wp-json\/wp\/v2\/posts\/9417\/revisions"}],"wp:featuredmedia":[{"embeddable":true,"href":"https:\/\/www.abchukuk.com\/index.php\/wp-json\/wp\/v2\/media\/9418"}],"wp:attachment":[{"href":"https:\/\/www.abchukuk.com\/index.php\/wp-json\/wp\/v2\/media?parent=9417"}],"wp:term":[{"taxonomy":"category","embeddable":true,"href":"https:\/\/www.abchukuk.com\/index.php\/wp-json\/wp\/v2\/categories?post=9417"},{"taxonomy":"post_tag","embeddable":true,"href":"https:\/\/www.abchukuk.com\/index.php\/wp-json\/wp\/v2\/tags?post=9417"}],"curies":[{"name":"wp","href":"https:\/\/api.w.org\/{rel}","templated":true}]}}