{"id":9415,"date":"2025-10-27T06:59:00","date_gmt":"2025-10-27T06:59:00","guid":{"rendered":"https:\/\/www.abchukuk.com\/index.php\/2025\/10\/27\/kartalkaya-davasinin-3uncu-durusmasi-basliyor-icimiz-aciyor\/"},"modified":"2025-10-27T06:59:00","modified_gmt":"2025-10-27T06:59:00","slug":"kartalkaya-davasinin-3uncu-durusmasi-basliyor-icimiz-aciyor","status":"publish","type":"post","link":"https:\/\/www.abchukuk.com\/index.php\/2025\/10\/27\/kartalkaya-davasinin-3uncu-durusmasi-basliyor-icimiz-aciyor\/","title":{"rendered":"Kartalkaya davas\u0131n\u0131n 3&#8217;\u00fcnc\u00fc duru\u015fmas\u0131 ba\u015fl\u0131yor: &#8216;\u0130\u00e7imiz ac\u0131yor!&#8217;"},"content":{"rendered":"<p>Bolu&#8217;nun Kartalkaya Kayak Merkezi&#8217;nde, 21 Ocak&#8217;ta \u00e7\u0131kan ve 78 ki\u015finin hayat\u0131n\u0131 kaybetti\u011fi, 137 ki\u015finin yaraland\u0131\u011f\u0131 ve 20&#8217;si tutuklu 32 san\u0131\u011f\u0131n yarg\u0131land\u0131\u011f\u0131 Grand Kartal Otel yang\u0131n\u0131na ili\u015fkin davan\u0131n 3&#8217;\u00fcnc\u00fc duru\u015fmas\u0131 bug\u00fcn ba\u015fl\u0131yor.Bolu&#8217;nun Kartalkaya Kayak Merkezi&#8217;nde, 21 Ocak&#8217;ta \u00e7\u0131kan ve 78 ki\u015finin hayat\u0131n\u0131 kaybetti\u011fi, 137 ki\u015finin yaraland\u0131\u011f\u0131 ve 20&#8217;si tutuklu 32 san\u0131\u011f\u0131n yarg\u0131land\u0131\u011f\u0131 Grand Kartal Otel yang\u0131n\u0131na ili\u015fkin davan\u0131n 3&#8217;\u00fcnc\u00fc duru\u015fmas\u0131 bug\u00fcn ba\u015fl\u0131yor.\u00a0<a href=\"https:\/\/www.cumhuriyet.com.tr\/turkiye\/kartalkaya-davasinin-3-uncu-durusmasi-basliyor-icimiz-aciyor-2447238\" target=\"_blank\" class=\"feedzy-rss-link-icon\">Read More<\/a><\/p>","protected":false},"excerpt":{"rendered":"<p>Bolu&#8217;nun Kartalkaya Kayak Merkezi&#8217;nde, 21 Ocak&#8217;ta \u00e7\u0131kan ve 78 ki\u015finin hayat\u0131n\u0131 kaybetti\u011fi, 137 ki\u015finin yaraland\u0131\u011f\u0131 ve 20&#8217;si tutuklu 32 san\u0131\u011f\u0131n yarg\u0131land\u0131\u011f\u0131 Grand Kartal Otel yang\u0131n\u0131na ili\u015fkin davan\u0131n 3&#8217;\u00fcnc\u00fc duru\u015fmas\u0131 bug\u00fcn ba\u015fl\u0131yor.Bolu&#8217;nun Kartalkaya Kayak Merkezi&#8217;nde, 21 Ocak&#8217;ta \u00e7\u0131kan ve 78 ki\u015finin hayat\u0131n\u0131 kaybetti\u011fi, 137 ki\u015finin yaraland\u0131\u011f\u0131 ve 20&#8217;si tutuklu 32 san\u0131\u011f\u0131n yarg\u0131land\u0131\u011f\u0131 Grand Kartal Otel yang\u0131n\u0131na [&hellip;]<\/p>\n","protected":false},"author":1,"featured_media":9416,"comment_status":"open","ping_status":"open","sticky":false,"template":"","format":"standard","meta":{"footnotes":"","_links_to":"","_links_to_target":""},"categories":[1],"tags":[],"class_list":["post-9415","post","type-post","status-publish","format-standard","has-post-thumbnail","hentry","category-haberler"],"_links":{"self":[{"href":"https:\/\/www.abchukuk.com\/index.php\/wp-json\/wp\/v2\/posts\/9415","targetHints":{"allow":["GET"]}}],"collection":[{"href":"https:\/\/www.abchukuk.com\/index.php\/wp-json\/wp\/v2\/posts"}],"about":[{"href":"https:\/\/www.abchukuk.com\/index.php\/wp-json\/wp\/v2\/types\/post"}],"author":[{"embeddable":true,"href":"https:\/\/www.abchukuk.com\/index.php\/wp-json\/wp\/v2\/users\/1"}],"replies":[{"embeddable":true,"href":"https:\/\/www.abchukuk.com\/index.php\/wp-json\/wp\/v2\/comments?post=9415"}],"version-history":[{"count":0,"href":"https:\/\/www.abchukuk.com\/index.php\/wp-json\/wp\/v2\/posts\/9415\/revisions"}],"wp:featuredmedia":[{"embeddable":true,"href":"https:\/\/www.abchukuk.com\/index.php\/wp-json\/wp\/v2\/media\/9416"}],"wp:attachment":[{"href":"https:\/\/www.abchukuk.com\/index.php\/wp-json\/wp\/v2\/media?parent=9415"}],"wp:term":[{"taxonomy":"category","embeddable":true,"href":"https:\/\/www.abchukuk.com\/index.php\/wp-json\/wp\/v2\/categories?post=9415"},{"taxonomy":"post_tag","embeddable":true,"href":"https:\/\/www.abchukuk.com\/index.php\/wp-json\/wp\/v2\/tags?post=9415"}],"curies":[{"name":"wp","href":"https:\/\/api.w.org\/{rel}","templated":true}]}}