{"id":9413,"date":"2025-10-27T05:18:00","date_gmt":"2025-10-27T05:18:00","guid":{"rendered":"https:\/\/www.abchukuk.com\/index.php\/2025\/10\/27\/casusluk-sorusturmasi-imamoglu-yanardag-ve-ozkan-icin-tutuklama-karari\/"},"modified":"2025-10-27T05:18:00","modified_gmt":"2025-10-27T05:18:00","slug":"casusluk-sorusturmasi-imamoglu-yanardag-ve-ozkan-icin-tutuklama-karari","status":"publish","type":"post","link":"https:\/\/www.abchukuk.com\/index.php\/2025\/10\/27\/casusluk-sorusturmasi-imamoglu-yanardag-ve-ozkan-icin-tutuklama-karari\/","title":{"rendered":"\u2018Casusluk\u2019 Soru\u015fturmas\u0131: \u0130mamo\u011flu, Yanarda\u011f ve \u00d6zkan \u0130\u00e7in Tutuklama Karar\u0131"},"content":{"rendered":"<p><a href=\"https:\/\/www.gercekgundem.com\/siyaset\/casusluk-sorusturmasi-imamoglu-yanardag-ve-ozkan-icin-tutuklama-karari-560983\"><br \/>\n                                                            <img decoding=\"async\" src=\"https:\/\/i.gercekgundem.com\/2\/150\/84\/storage\/files\/images\/2025\/10\/27\/casusluk-sorusturmasi-imamoglu-yanardag-ve-ozkan-icin-tutuklama-karari-m106.jpg\" width=\"150\" height=\"84\" border=\"0\" align=\"right\" \/><br \/>\n                                                    <\/a><\/p>\n<h4>\u0130BB Ba\u015fkan\u0131 Ekrem \u0130mamo\u011flu, gazeteci Merdan Yanarda\u011f ve Necati \u00d6zkan, \u201csiyasal casusluk\u201d su\u00e7lamas\u0131yla y\u00fcr\u00fct\u00fclen soru\u015fturma kapsam\u0131nda \u00c7a\u011flayan Adliyesi\u2019nde ifade verdi. Yakla\u015f\u0131k 11 saat s\u00fcren ifade s\u00fcrecinin ard\u0131ndan \u00fc\u00e7 isim hakk\u0131nda tutuklama karar\u0131 verildi.<\/h4>\n<p>\u0130BB Ba\u015fkan\u0131 Ekrem \u0130mamo\u011flu, gazeteci Merdan Yanarda\u011f ve Necati \u00d6zkan, \u201csiyasal casusluk\u201d su\u00e7lamas\u0131yla y\u00fcr\u00fct\u00fclen soru\u015fturma kapsam\u0131nda \u00c7a\u011flayan Adliyesi\u2019nde ifade verdi. Yakla\u015f\u0131k 11 saat s\u00fcren ifade s\u00fcrecinin ard\u0131ndan \u00fc\u00e7 isim hakk\u0131nda tutuklama karar\u0131 verildi.\u00a0<a href=\"https:\/\/www.gercekgundem.com\/siyaset\/casusluk-sorusturmasi-imamoglu-yanardag-ve-ozkan-icin-tutuklama-karari-560983\" target=\"_blank\" class=\"feedzy-rss-link-icon\">Read More<\/a><\/p>","protected":false},"excerpt":{"rendered":"<p>\u0130BB Ba\u015fkan\u0131 Ekrem \u0130mamo\u011flu, gazeteci Merdan Yanarda\u011f ve Necati \u00d6zkan, \u201csiyasal casusluk\u201d su\u00e7lamas\u0131yla y\u00fcr\u00fct\u00fclen soru\u015fturma kapsam\u0131nda \u00c7a\u011flayan Adliyesi\u2019nde ifade verdi. Yakla\u015f\u0131k 11 saat s\u00fcren ifade s\u00fcrecinin ard\u0131ndan \u00fc\u00e7 isim hakk\u0131nda tutuklama karar\u0131 verildi. \u0130BB Ba\u015fkan\u0131 Ekrem \u0130mamo\u011flu, gazeteci Merdan Yanarda\u011f ve Necati \u00d6zkan, \u201csiyasal casusluk\u201d su\u00e7lamas\u0131yla y\u00fcr\u00fct\u00fclen soru\u015fturma kapsam\u0131nda \u00c7a\u011flayan Adliyesi\u2019nde ifade verdi. Yakla\u015f\u0131k 11 [&hellip;]<\/p>\n","protected":false},"author":1,"featured_media":9414,"comment_status":"open","ping_status":"open","sticky":false,"template":"","format":"standard","meta":{"footnotes":"","_links_to":"","_links_to_target":""},"categories":[1],"tags":[],"class_list":["post-9413","post","type-post","status-publish","format-standard","has-post-thumbnail","hentry","category-haberler"],"_links":{"self":[{"href":"https:\/\/www.abchukuk.com\/index.php\/wp-json\/wp\/v2\/posts\/9413","targetHints":{"allow":["GET"]}}],"collection":[{"href":"https:\/\/www.abchukuk.com\/index.php\/wp-json\/wp\/v2\/posts"}],"about":[{"href":"https:\/\/www.abchukuk.com\/index.php\/wp-json\/wp\/v2\/types\/post"}],"author":[{"embeddable":true,"href":"https:\/\/www.abchukuk.com\/index.php\/wp-json\/wp\/v2\/users\/1"}],"replies":[{"embeddable":true,"href":"https:\/\/www.abchukuk.com\/index.php\/wp-json\/wp\/v2\/comments?post=9413"}],"version-history":[{"count":0,"href":"https:\/\/www.abchukuk.com\/index.php\/wp-json\/wp\/v2\/posts\/9413\/revisions"}],"wp:featuredmedia":[{"embeddable":true,"href":"https:\/\/www.abchukuk.com\/index.php\/wp-json\/wp\/v2\/media\/9414"}],"wp:attachment":[{"href":"https:\/\/www.abchukuk.com\/index.php\/wp-json\/wp\/v2\/media?parent=9413"}],"wp:term":[{"taxonomy":"category","embeddable":true,"href":"https:\/\/www.abchukuk.com\/index.php\/wp-json\/wp\/v2\/categories?post=9413"},{"taxonomy":"post_tag","embeddable":true,"href":"https:\/\/www.abchukuk.com\/index.php\/wp-json\/wp\/v2\/tags?post=9413"}],"curies":[{"name":"wp","href":"https:\/\/api.w.org\/{rel}","templated":true}]}}