{"id":9411,"date":"2025-10-27T04:09:00","date_gmt":"2025-10-27T04:09:00","guid":{"rendered":"https:\/\/www.abchukuk.com\/index.php\/2025\/10\/27\/imamoglu-ozkan-ve-yanardag-hakkinda-tutuklama-karari\/"},"modified":"2025-10-27T04:09:00","modified_gmt":"2025-10-27T04:09:00","slug":"imamoglu-ozkan-ve-yanardag-hakkinda-tutuklama-karari","status":"publish","type":"post","link":"https:\/\/www.abchukuk.com\/index.php\/2025\/10\/27\/imamoglu-ozkan-ve-yanardag-hakkinda-tutuklama-karari\/","title":{"rendered":"\u0130mamo\u011flu, \u00d6zkan ve Yanarda\u011f hakk\u0131nda tutuklama karar\u0131!"},"content":{"rendered":"<p>Ekrem \u0130mamo\u011flu, Necati \u00d6zkan ve Merdan Yanarda\u011f \u201ccasusluk\u201d su\u00e7lamas\u0131yla y\u00fcr\u00fct\u00fclen soru\u015fturmada tutukland\u0131. \u0130ddialara g\u00f6re, 2019 se\u00e7imlerinde se\u00e7men verileri ve \u00f6zel yaz\u0131\u015fmalar kullan\u0131larak yabanc\u0131 istihbarat birimlerine analiz ve rapor aktar\u0131m\u0131 yap\u0131ld\u0131\u011f\u0131 ileri s\u00fcr\u00fcl\u00fcyor. \u015e\u00fcpheli ifadelerinde konuyla ilgileri olmad\u0131\u011f\u0131n\u0131 savunan taraflar, su\u00e7lamalar\u0131 reddetti.Ekrem \u0130mamo\u011flu, Necati \u00d6zkan ve Merdan Yanarda\u011f \u201ccasusluk\u201d su\u00e7lamas\u0131yla y\u00fcr\u00fct\u00fclen soru\u015fturmada tutukland\u0131. \u0130ddialara g\u00f6re, 2019 se\u00e7imlerinde se\u00e7men verileri ve \u00f6zel yaz\u0131\u015fmalar kullan\u0131larak yabanc\u0131 istihbarat birimlerine analiz ve rapor aktar\u0131m\u0131 yap\u0131ld\u0131\u011f\u0131 ileri s\u00fcr\u00fcl\u00fcyor. \u015e\u00fcpheli ifadelerinde konuyla ilgileri olmad\u0131\u011f\u0131n\u0131 savunan taraflar, su\u00e7lamalar\u0131 reddetti.\u00a0<a href=\"https:\/\/www.dunya.com\/gundem\/imamoglu-ozkan-ve-yanardag-hakkinda-tutuklama-karari-haberi-800295\" target=\"_blank\" class=\"feedzy-rss-link-icon\">Read More<\/a><\/p>","protected":false},"excerpt":{"rendered":"<p>Ekrem \u0130mamo\u011flu, Necati \u00d6zkan ve Merdan Yanarda\u011f \u201ccasusluk\u201d su\u00e7lamas\u0131yla y\u00fcr\u00fct\u00fclen soru\u015fturmada tutukland\u0131. \u0130ddialara g\u00f6re, 2019 se\u00e7imlerinde se\u00e7men verileri ve \u00f6zel yaz\u0131\u015fmalar kullan\u0131larak yabanc\u0131 istihbarat birimlerine analiz ve rapor aktar\u0131m\u0131 yap\u0131ld\u0131\u011f\u0131 ileri s\u00fcr\u00fcl\u00fcyor. \u015e\u00fcpheli ifadelerinde konuyla ilgileri olmad\u0131\u011f\u0131n\u0131 savunan taraflar, su\u00e7lamalar\u0131 reddetti.Ekrem \u0130mamo\u011flu, Necati \u00d6zkan ve Merdan Yanarda\u011f \u201ccasusluk\u201d su\u00e7lamas\u0131yla y\u00fcr\u00fct\u00fclen soru\u015fturmada tutukland\u0131. \u0130ddialara g\u00f6re, 2019 [&hellip;]<\/p>\n","protected":false},"author":1,"featured_media":9412,"comment_status":"open","ping_status":"open","sticky":false,"template":"","format":"standard","meta":{"footnotes":"","_links_to":"","_links_to_target":""},"categories":[1],"tags":[],"class_list":["post-9411","post","type-post","status-publish","format-standard","has-post-thumbnail","hentry","category-haberler"],"_links":{"self":[{"href":"https:\/\/www.abchukuk.com\/index.php\/wp-json\/wp\/v2\/posts\/9411","targetHints":{"allow":["GET"]}}],"collection":[{"href":"https:\/\/www.abchukuk.com\/index.php\/wp-json\/wp\/v2\/posts"}],"about":[{"href":"https:\/\/www.abchukuk.com\/index.php\/wp-json\/wp\/v2\/types\/post"}],"author":[{"embeddable":true,"href":"https:\/\/www.abchukuk.com\/index.php\/wp-json\/wp\/v2\/users\/1"}],"replies":[{"embeddable":true,"href":"https:\/\/www.abchukuk.com\/index.php\/wp-json\/wp\/v2\/comments?post=9411"}],"version-history":[{"count":0,"href":"https:\/\/www.abchukuk.com\/index.php\/wp-json\/wp\/v2\/posts\/9411\/revisions"}],"wp:featuredmedia":[{"embeddable":true,"href":"https:\/\/www.abchukuk.com\/index.php\/wp-json\/wp\/v2\/media\/9412"}],"wp:attachment":[{"href":"https:\/\/www.abchukuk.com\/index.php\/wp-json\/wp\/v2\/media?parent=9411"}],"wp:term":[{"taxonomy":"category","embeddable":true,"href":"https:\/\/www.abchukuk.com\/index.php\/wp-json\/wp\/v2\/categories?post=9411"},{"taxonomy":"post_tag","embeddable":true,"href":"https:\/\/www.abchukuk.com\/index.php\/wp-json\/wp\/v2\/tags?post=9411"}],"curies":[{"name":"wp","href":"https:\/\/api.w.org\/{rel}","templated":true}]}}