{"id":9408,"date":"2025-10-27T01:00:00","date_gmt":"2025-10-27T01:00:00","guid":{"rendered":"https:\/\/www.abchukuk.com\/index.php\/2025\/10\/27\/caglayandaki-adalet-nobetinde-konusan-ozel-casusluk-sorusturmasi-icin-bassavciliga-yuklendi-caresizligin-itirafi\/"},"modified":"2025-10-27T01:00:00","modified_gmt":"2025-10-27T01:00:00","slug":"caglayandaki-adalet-nobetinde-konusan-ozel-casusluk-sorusturmasi-icin-bassavciliga-yuklendi-caresizligin-itirafi","status":"publish","type":"post","link":"https:\/\/www.abchukuk.com\/index.php\/2025\/10\/27\/caglayandaki-adalet-nobetinde-konusan-ozel-casusluk-sorusturmasi-icin-bassavciliga-yuklendi-caresizligin-itirafi\/","title":{"rendered":"\u00c7a\u011flayan\u2019daki adalet n\u00f6betinde konu\u015fan \u00d6zel, casusluk soru\u015fturmas\u0131 i\u00e7in ba\u015fsavc\u0131l\u0131\u011fa y\u00fcklendi: \u00c7aresizli\u011fin itiraf\u0131"},"content":{"rendered":"<p>\u0130fade verdi\u011fi adliyede yasaklara kar\u015f\u0131n on binler demokrasi eylemi yaparken Ekrem \u0130mamo\u011flu, \u201cCasusluk benim i\u00e7in vatan hainli\u011fiyle e\u015fde\u011ferdir\u201d diye konu\u015ftu.\u0130fade verdi\u011fi adliyede yasaklara kar\u015f\u0131n on binler demokrasi eylemi yaparken Ekrem \u0130mamo\u011flu, \u201cCasusluk benim i\u00e7in vatan hainli\u011fiyle e\u015fde\u011ferdir\u201d diye konu\u015ftu.\u00a0<a href=\"https:\/\/www.cumhuriyet.com.tr\/turkiye\/caglayan-daki-adalet-nobetinde-konusan-ozel-casusluk-sorusturmasi-icin-bassavciliga-yuklendi-caresizligin-itirafi-2447199\" target=\"_blank\" class=\"feedzy-rss-link-icon\">Read More<\/a><\/p>","protected":false},"excerpt":{"rendered":"<p>\u0130fade verdi\u011fi adliyede yasaklara kar\u015f\u0131n on binler demokrasi eylemi yaparken Ekrem \u0130mamo\u011flu, \u201cCasusluk benim i\u00e7in vatan hainli\u011fiyle e\u015fde\u011ferdir\u201d diye konu\u015ftu.\u0130fade verdi\u011fi adliyede yasaklara kar\u015f\u0131n on binler demokrasi eylemi yaparken Ekrem \u0130mamo\u011flu, \u201cCasusluk benim i\u00e7in vatan hainli\u011fiyle e\u015fde\u011ferdir\u201d diye konu\u015ftu.\u00a0Read More<\/p>\n","protected":false},"author":1,"featured_media":9409,"comment_status":"open","ping_status":"open","sticky":false,"template":"","format":"standard","meta":{"footnotes":"","_links_to":"","_links_to_target":""},"categories":[1],"tags":[],"class_list":["post-9408","post","type-post","status-publish","format-standard","has-post-thumbnail","hentry","category-haberler"],"_links":{"self":[{"href":"https:\/\/www.abchukuk.com\/index.php\/wp-json\/wp\/v2\/posts\/9408","targetHints":{"allow":["GET"]}}],"collection":[{"href":"https:\/\/www.abchukuk.com\/index.php\/wp-json\/wp\/v2\/posts"}],"about":[{"href":"https:\/\/www.abchukuk.com\/index.php\/wp-json\/wp\/v2\/types\/post"}],"author":[{"embeddable":true,"href":"https:\/\/www.abchukuk.com\/index.php\/wp-json\/wp\/v2\/users\/1"}],"replies":[{"embeddable":true,"href":"https:\/\/www.abchukuk.com\/index.php\/wp-json\/wp\/v2\/comments?post=9408"}],"version-history":[{"count":0,"href":"https:\/\/www.abchukuk.com\/index.php\/wp-json\/wp\/v2\/posts\/9408\/revisions"}],"wp:featuredmedia":[{"embeddable":true,"href":"https:\/\/www.abchukuk.com\/index.php\/wp-json\/wp\/v2\/media\/9409"}],"wp:attachment":[{"href":"https:\/\/www.abchukuk.com\/index.php\/wp-json\/wp\/v2\/media?parent=9408"}],"wp:term":[{"taxonomy":"category","embeddable":true,"href":"https:\/\/www.abchukuk.com\/index.php\/wp-json\/wp\/v2\/categories?post=9408"},{"taxonomy":"post_tag","embeddable":true,"href":"https:\/\/www.abchukuk.com\/index.php\/wp-json\/wp\/v2\/tags?post=9408"}],"curies":[{"name":"wp","href":"https:\/\/api.w.org\/{rel}","templated":true}]}}