{"id":9404,"date":"2025-10-27T01:00:00","date_gmt":"2025-10-27T01:00:00","guid":{"rendered":"https:\/\/www.abchukuk.com\/index.php\/2025\/10\/27\/teror-orgutu-pkknin-aciklamasinda-surecin-ilerlemesi-icin-hukuki-ve-siyasi-kosullar-belirtildi-turkiyeden-cekiliyor\/"},"modified":"2025-10-27T01:00:00","modified_gmt":"2025-10-27T01:00:00","slug":"teror-orgutu-pkknin-aciklamasinda-surecin-ilerlemesi-icin-hukuki-ve-siyasi-kosullar-belirtildi-turkiyeden-cekiliyor","status":"publish","type":"post","link":"https:\/\/www.abchukuk.com\/index.php\/2025\/10\/27\/teror-orgutu-pkknin-aciklamasinda-surecin-ilerlemesi-icin-hukuki-ve-siyasi-kosullar-belirtildi-turkiyeden-cekiliyor\/","title":{"rendered":"Ter\u00f6r \u00f6rg\u00fct\u00fc PKK\u2019nin a\u00e7\u0131klamas\u0131nda, s\u00fcrecin ilerlemesi i\u00e7in hukuki ve siyasi ko\u015fullar belirtildi: T\u00fcrkiye\u2019den \u00e7ekiliyor"},"content":{"rendered":"<p>PKK\u2019nin di\u011fer \u00fclkelerdeki yap\u0131lar\u0131yla birlikte silah b\u0131rakmas\u0131 ve kendini feshetmesi s\u00fcrecinde yeni bir geli\u015fme ya\u015fand\u0131. PKK, T\u00fcrkiye&#8217;deki unsurlar\u0131n\u0131 Irak\u2019\u0131n kuzeyine \u00e7ekece\u011fini a\u00e7\u0131klarken \u00f6n\u00fcm\u00fczdeki per\u015fembe g\u00fcn\u00fc DEM Parti\u2019nin \u0130mral\u0131 heyetindeki Pervin Buldan ve Mithat Sancar, Cumhurba\u015fkan\u0131 Tayyip Erdo\u011fan taraf\u0131ndan kabul edilecek ve gelinen a\u015fama de\u011ferlendirilecek.PKK\u2019nin di\u011fer \u00fclkelerdeki yap\u0131lar\u0131yla birlikte silah b\u0131rakmas\u0131 ve kendini feshetmesi s\u00fcrecinde yeni bir geli\u015fme ya\u015fand\u0131. PKK, T\u00fcrkiye&#8217;deki unsurlar\u0131n\u0131 Irak\u2019\u0131n kuzeyine \u00e7ekece\u011fini a\u00e7\u0131klarken \u00f6n\u00fcm\u00fczdeki per\u015fembe g\u00fcn\u00fc DEM Parti\u2019nin \u0130mral\u0131 heyetindeki Pervin Buldan ve Mithat Sancar, Cumhurba\u015fkan\u0131 Tayyip Erdo\u011fan taraf\u0131ndan kabul edilecek ve gelinen a\u015fama de\u011ferlendirilecek.\u00a0<a href=\"https:\/\/www.cumhuriyet.com.tr\/turkiye\/teror-orgutu-pkk-nin-aciklamasinda-surecin-ilerlemesi-icin-hukuki-ve-siyasi-kosullar-belirtildi-turkiye-den-cekiliyor-2447186\" target=\"_blank\" class=\"feedzy-rss-link-icon\">Read More<\/a><\/p>","protected":false},"excerpt":{"rendered":"<p>PKK\u2019nin di\u011fer \u00fclkelerdeki yap\u0131lar\u0131yla birlikte silah b\u0131rakmas\u0131 ve kendini feshetmesi s\u00fcrecinde yeni bir geli\u015fme ya\u015fand\u0131. PKK, T\u00fcrkiye&#8217;deki unsurlar\u0131n\u0131 Irak\u2019\u0131n kuzeyine \u00e7ekece\u011fini a\u00e7\u0131klarken \u00f6n\u00fcm\u00fczdeki per\u015fembe g\u00fcn\u00fc DEM Parti\u2019nin \u0130mral\u0131 heyetindeki Pervin Buldan ve Mithat Sancar, Cumhurba\u015fkan\u0131 Tayyip Erdo\u011fan taraf\u0131ndan kabul edilecek ve gelinen a\u015fama de\u011ferlendirilecek.PKK\u2019nin di\u011fer \u00fclkelerdeki yap\u0131lar\u0131yla birlikte silah b\u0131rakmas\u0131 ve kendini feshetmesi s\u00fcrecinde yeni [&hellip;]<\/p>\n","protected":false},"author":1,"featured_media":9405,"comment_status":"open","ping_status":"open","sticky":false,"template":"","format":"standard","meta":{"footnotes":"","_links_to":"","_links_to_target":""},"categories":[1],"tags":[],"class_list":["post-9404","post","type-post","status-publish","format-standard","has-post-thumbnail","hentry","category-haberler"],"_links":{"self":[{"href":"https:\/\/www.abchukuk.com\/index.php\/wp-json\/wp\/v2\/posts\/9404","targetHints":{"allow":["GET"]}}],"collection":[{"href":"https:\/\/www.abchukuk.com\/index.php\/wp-json\/wp\/v2\/posts"}],"about":[{"href":"https:\/\/www.abchukuk.com\/index.php\/wp-json\/wp\/v2\/types\/post"}],"author":[{"embeddable":true,"href":"https:\/\/www.abchukuk.com\/index.php\/wp-json\/wp\/v2\/users\/1"}],"replies":[{"embeddable":true,"href":"https:\/\/www.abchukuk.com\/index.php\/wp-json\/wp\/v2\/comments?post=9404"}],"version-history":[{"count":0,"href":"https:\/\/www.abchukuk.com\/index.php\/wp-json\/wp\/v2\/posts\/9404\/revisions"}],"wp:featuredmedia":[{"embeddable":true,"href":"https:\/\/www.abchukuk.com\/index.php\/wp-json\/wp\/v2\/media\/9405"}],"wp:attachment":[{"href":"https:\/\/www.abchukuk.com\/index.php\/wp-json\/wp\/v2\/media?parent=9404"}],"wp:term":[{"taxonomy":"category","embeddable":true,"href":"https:\/\/www.abchukuk.com\/index.php\/wp-json\/wp\/v2\/categories?post=9404"},{"taxonomy":"post_tag","embeddable":true,"href":"https:\/\/www.abchukuk.com\/index.php\/wp-json\/wp\/v2\/tags?post=9404"}],"curies":[{"name":"wp","href":"https:\/\/api.w.org\/{rel}","templated":true}]}}