{"id":9389,"date":"2025-10-26T21:00:00","date_gmt":"2025-10-26T21:00:00","guid":{"rendered":"https:\/\/www.abchukuk.com\/index.php\/2025\/10\/26\/atso-baskani-hacisuleyman-torba-kanun-dengeleri-korumali\/"},"modified":"2025-10-26T21:00:00","modified_gmt":"2025-10-26T21:00:00","slug":"atso-baskani-hacisuleyman-torba-kanun-dengeleri-korumali","status":"publish","type":"post","link":"https:\/\/www.abchukuk.com\/index.php\/2025\/10\/26\/atso-baskani-hacisuleyman-torba-kanun-dengeleri-korumali\/","title":{"rendered":"ATSO Ba\u015fkan\u0131 Hac\u0131s\u00fcleyman:\u00a0Torba kanun dengeleri korumal\u0131"},"content":{"rendered":"<p>ATSO Ba\u015fkan\u0131 Yusuf Hac\u0131s\u00fcleyman, TBMM\u2019de g\u00f6r\u00fc\u015f\u00fclen vergi torba yasas\u0131n\u0131 de\u011ferlendirdi. Turizm har\u00e7lar\u0131 ve prim art\u0131\u015flar\u0131n\u0131n i\u015fletmelere ek y\u00fck getirebilece\u011fini vurgulayan Hac\u0131s\u00fcleyman, vergi reformunda gen\u00e7 giri\u015fimcilere desteklerin korunmas\u0131n\u0131n \u00f6nemini belirtti.ATSO Ba\u015fkan\u0131 Yusuf Hac\u0131s\u00fcleyman, TBMM\u2019de g\u00f6r\u00fc\u015f\u00fclen vergi torba yasas\u0131n\u0131 de\u011ferlendirdi. Turizm har\u00e7lar\u0131 ve prim art\u0131\u015flar\u0131n\u0131n i\u015fletmelere ek y\u00fck getirebilece\u011fini vurgulayan Hac\u0131s\u00fcleyman, vergi reformunda gen\u00e7 giri\u015fimcilere desteklerin korunmas\u0131n\u0131n \u00f6nemini belirtti.\u00a0<a href=\"https:\/\/www.dunya.com\/is-dunyasi\/atso-baskani-hacisuleyman-torba-kanun-dengeleri-korumali-haberi-800261\" target=\"_blank\" class=\"feedzy-rss-link-icon\">Read More<\/a><\/p>","protected":false},"excerpt":{"rendered":"<p>ATSO Ba\u015fkan\u0131 Yusuf Hac\u0131s\u00fcleyman, TBMM\u2019de g\u00f6r\u00fc\u015f\u00fclen vergi torba yasas\u0131n\u0131 de\u011ferlendirdi. Turizm har\u00e7lar\u0131 ve prim art\u0131\u015flar\u0131n\u0131n i\u015fletmelere ek y\u00fck getirebilece\u011fini vurgulayan Hac\u0131s\u00fcleyman, vergi reformunda gen\u00e7 giri\u015fimcilere desteklerin korunmas\u0131n\u0131n \u00f6nemini belirtti.ATSO Ba\u015fkan\u0131 Yusuf Hac\u0131s\u00fcleyman, TBMM\u2019de g\u00f6r\u00fc\u015f\u00fclen vergi torba yasas\u0131n\u0131 de\u011ferlendirdi. Turizm har\u00e7lar\u0131 ve prim art\u0131\u015flar\u0131n\u0131n i\u015fletmelere ek y\u00fck getirebilece\u011fini vurgulayan Hac\u0131s\u00fcleyman, vergi reformunda gen\u00e7 giri\u015fimcilere desteklerin korunmas\u0131n\u0131n [&hellip;]<\/p>\n","protected":false},"author":1,"featured_media":9390,"comment_status":"open","ping_status":"open","sticky":false,"template":"","format":"standard","meta":{"footnotes":"","_links_to":"","_links_to_target":""},"categories":[1],"tags":[],"class_list":["post-9389","post","type-post","status-publish","format-standard","has-post-thumbnail","hentry","category-haberler"],"_links":{"self":[{"href":"https:\/\/www.abchukuk.com\/index.php\/wp-json\/wp\/v2\/posts\/9389","targetHints":{"allow":["GET"]}}],"collection":[{"href":"https:\/\/www.abchukuk.com\/index.php\/wp-json\/wp\/v2\/posts"}],"about":[{"href":"https:\/\/www.abchukuk.com\/index.php\/wp-json\/wp\/v2\/types\/post"}],"author":[{"embeddable":true,"href":"https:\/\/www.abchukuk.com\/index.php\/wp-json\/wp\/v2\/users\/1"}],"replies":[{"embeddable":true,"href":"https:\/\/www.abchukuk.com\/index.php\/wp-json\/wp\/v2\/comments?post=9389"}],"version-history":[{"count":0,"href":"https:\/\/www.abchukuk.com\/index.php\/wp-json\/wp\/v2\/posts\/9389\/revisions"}],"wp:featuredmedia":[{"embeddable":true,"href":"https:\/\/www.abchukuk.com\/index.php\/wp-json\/wp\/v2\/media\/9390"}],"wp:attachment":[{"href":"https:\/\/www.abchukuk.com\/index.php\/wp-json\/wp\/v2\/media?parent=9389"}],"wp:term":[{"taxonomy":"category","embeddable":true,"href":"https:\/\/www.abchukuk.com\/index.php\/wp-json\/wp\/v2\/categories?post=9389"},{"taxonomy":"post_tag","embeddable":true,"href":"https:\/\/www.abchukuk.com\/index.php\/wp-json\/wp\/v2\/tags?post=9389"}],"curies":[{"name":"wp","href":"https:\/\/api.w.org\/{rel}","templated":true}]}}