{"id":9387,"date":"2025-10-26T21:06:00","date_gmt":"2025-10-26T21:06:00","guid":{"rendered":"https:\/\/www.abchukuk.com\/index.php\/2025\/10\/26\/adliye-ablukadayken-birkac-sokak-otede-kadin-cinayeti-yasandi-kadinlardan-nilay-kotan-cinayetine-protesto\/"},"modified":"2025-10-26T21:06:00","modified_gmt":"2025-10-26T21:06:00","slug":"adliye-ablukadayken-birkac-sokak-otede-kadin-cinayeti-yasandi-kadinlardan-nilay-kotan-cinayetine-protesto","status":"publish","type":"post","link":"https:\/\/www.abchukuk.com\/index.php\/2025\/10\/26\/adliye-ablukadayken-birkac-sokak-otede-kadin-cinayeti-yasandi-kadinlardan-nilay-kotan-cinayetine-protesto\/","title":{"rendered":"Adliye ablukadayken birka\u00e7 sokak \u00f6tede kad\u0131n cinayeti ya\u015fand\u0131! Kad\u0131nlardan Nilay Kotan cinayetine protesto"},"content":{"rendered":"<p>CHP\u2019nin Cumhurba\u015fkan\u0131 aday\u0131 Ekrem \u0130mamo\u011flu\u2019nun ifadesi gerek\u00e7esiyle adliye \u00e7evresi polis ablukas\u0131na al\u0131n\u0131rken, birka\u00e7 sokak \u00f6tede Nilay Kotan\u2019\u0131n \u00f6ld\u00fcr\u00fclmesi kad\u0131nlar\u0131n tepkisini \u00e7ekti.CHP\u2019nin Cumhurba\u015fkan\u0131 aday\u0131 Ekrem \u0130mamo\u011flu\u2019nun ifadesi gerek\u00e7esiyle adliye \u00e7evresi polis ablukas\u0131na al\u0131n\u0131rken, birka\u00e7 sokak \u00f6tede Nilay Kotan\u2019\u0131n \u00f6ld\u00fcr\u00fclmesi kad\u0131nlar\u0131n tepkisini \u00e7ekti.\u00a0<a href=\"https:\/\/www.cumhuriyet.com.tr\/turkiye\/adliye-ablukadayken-birkac-sokak-otede-kadin-cinayeti-yasandi-kadinlardan-nilay-kotan-cinayetine-protesto-2447198\" target=\"_blank\" class=\"feedzy-rss-link-icon\">Read More<\/a><\/p>","protected":false},"excerpt":{"rendered":"<p>CHP\u2019nin Cumhurba\u015fkan\u0131 aday\u0131 Ekrem \u0130mamo\u011flu\u2019nun ifadesi gerek\u00e7esiyle adliye \u00e7evresi polis ablukas\u0131na al\u0131n\u0131rken, birka\u00e7 sokak \u00f6tede Nilay Kotan\u2019\u0131n \u00f6ld\u00fcr\u00fclmesi kad\u0131nlar\u0131n tepkisini \u00e7ekti.CHP\u2019nin Cumhurba\u015fkan\u0131 aday\u0131 Ekrem \u0130mamo\u011flu\u2019nun ifadesi gerek\u00e7esiyle adliye \u00e7evresi polis ablukas\u0131na al\u0131n\u0131rken, birka\u00e7 sokak \u00f6tede Nilay Kotan\u2019\u0131n \u00f6ld\u00fcr\u00fclmesi kad\u0131nlar\u0131n tepkisini \u00e7ekti.\u00a0Read More<\/p>\n","protected":false},"author":1,"featured_media":9388,"comment_status":"open","ping_status":"open","sticky":false,"template":"","format":"standard","meta":{"footnotes":"","_links_to":"","_links_to_target":""},"categories":[1],"tags":[],"class_list":["post-9387","post","type-post","status-publish","format-standard","has-post-thumbnail","hentry","category-haberler"],"_links":{"self":[{"href":"https:\/\/www.abchukuk.com\/index.php\/wp-json\/wp\/v2\/posts\/9387","targetHints":{"allow":["GET"]}}],"collection":[{"href":"https:\/\/www.abchukuk.com\/index.php\/wp-json\/wp\/v2\/posts"}],"about":[{"href":"https:\/\/www.abchukuk.com\/index.php\/wp-json\/wp\/v2\/types\/post"}],"author":[{"embeddable":true,"href":"https:\/\/www.abchukuk.com\/index.php\/wp-json\/wp\/v2\/users\/1"}],"replies":[{"embeddable":true,"href":"https:\/\/www.abchukuk.com\/index.php\/wp-json\/wp\/v2\/comments?post=9387"}],"version-history":[{"count":0,"href":"https:\/\/www.abchukuk.com\/index.php\/wp-json\/wp\/v2\/posts\/9387\/revisions"}],"wp:featuredmedia":[{"embeddable":true,"href":"https:\/\/www.abchukuk.com\/index.php\/wp-json\/wp\/v2\/media\/9388"}],"wp:attachment":[{"href":"https:\/\/www.abchukuk.com\/index.php\/wp-json\/wp\/v2\/media?parent=9387"}],"wp:term":[{"taxonomy":"category","embeddable":true,"href":"https:\/\/www.abchukuk.com\/index.php\/wp-json\/wp\/v2\/categories?post=9387"},{"taxonomy":"post_tag","embeddable":true,"href":"https:\/\/www.abchukuk.com\/index.php\/wp-json\/wp\/v2\/tags?post=9387"}],"curies":[{"name":"wp","href":"https:\/\/api.w.org\/{rel}","templated":true}]}}