{"id":9384,"date":"2025-10-26T19:06:00","date_gmt":"2025-10-26T19:06:00","guid":{"rendered":"https:\/\/www.abchukuk.com\/index.php\/2025\/10\/26\/son-dakika-ekrem-imamoglu-merdan-yanardag-ve-necati-ozkan-hakkinda-tutuklama-talebi\/"},"modified":"2025-10-26T19:06:00","modified_gmt":"2025-10-26T19:06:00","slug":"son-dakika-ekrem-imamoglu-merdan-yanardag-ve-necati-ozkan-hakkinda-tutuklama-talebi","status":"publish","type":"post","link":"https:\/\/www.abchukuk.com\/index.php\/2025\/10\/26\/son-dakika-ekrem-imamoglu-merdan-yanardag-ve-necati-ozkan-hakkinda-tutuklama-talebi\/","title":{"rendered":"Son Dakika&#8230; Ekrem \u0130mamo\u011flu, Merdan Yanarda\u011f ve Necati \u00d6zkan hakk\u0131nda tutuklama talebi"},"content":{"rendered":"<p>Son dakika haberi&#8230; \u0130stanbul Cumhuriyet Ba\u015fsavc\u0131l\u0131\u011f\u0131 taraf\u0131ndan ba\u015flat\u0131lan &#8220;Casusluk&#8221; soru\u015fturmas\u0131 kapsam\u0131nda Ekrem \u0130mamo\u011flu, Merdan Yanarda\u011f ve Necati \u00d6zkan, tutuklama istemiyle Sulh Ceza Hakimli\u011fi\u2019ne sevk edildi.Son dakika haberi&#8230; \u0130stanbul Cumhuriyet Ba\u015fsavc\u0131l\u0131\u011f\u0131 taraf\u0131ndan ba\u015flat\u0131lan &#8220;Casusluk&#8221; soru\u015fturmas\u0131 kapsam\u0131nda Ekrem \u0130mamo\u011flu, Merdan Yanarda\u011f ve Necati \u00d6zkan, tutuklama istemiyle Sulh Ceza Hakimli\u011fi\u2019ne sevk edildi.\u00a0<a href=\"https:\/\/www.cumhuriyet.com.tr\/turkiye\/son-dakika-ekrem-imamoglu-merdan-yanardag-ve-necati-ozkan-hakkinda-tutuklama-talebi-2447156\" target=\"_blank\" class=\"feedzy-rss-link-icon\">Read More<\/a><\/p>","protected":false},"excerpt":{"rendered":"<p>Son dakika haberi&#8230; \u0130stanbul Cumhuriyet Ba\u015fsavc\u0131l\u0131\u011f\u0131 taraf\u0131ndan ba\u015flat\u0131lan &#8220;Casusluk&#8221; soru\u015fturmas\u0131 kapsam\u0131nda Ekrem \u0130mamo\u011flu, Merdan Yanarda\u011f ve Necati \u00d6zkan, tutuklama istemiyle Sulh Ceza Hakimli\u011fi\u2019ne sevk edildi.Son dakika haberi&#8230; \u0130stanbul Cumhuriyet Ba\u015fsavc\u0131l\u0131\u011f\u0131 taraf\u0131ndan ba\u015flat\u0131lan &#8220;Casusluk&#8221; soru\u015fturmas\u0131 kapsam\u0131nda Ekrem \u0130mamo\u011flu, Merdan Yanarda\u011f ve Necati \u00d6zkan, tutuklama istemiyle Sulh Ceza Hakimli\u011fi\u2019ne sevk edildi.\u00a0Read More<\/p>\n","protected":false},"author":1,"featured_media":9385,"comment_status":"open","ping_status":"open","sticky":false,"template":"","format":"standard","meta":{"footnotes":"","_links_to":"","_links_to_target":""},"categories":[1],"tags":[],"class_list":["post-9384","post","type-post","status-publish","format-standard","has-post-thumbnail","hentry","category-haberler"],"_links":{"self":[{"href":"https:\/\/www.abchukuk.com\/index.php\/wp-json\/wp\/v2\/posts\/9384","targetHints":{"allow":["GET"]}}],"collection":[{"href":"https:\/\/www.abchukuk.com\/index.php\/wp-json\/wp\/v2\/posts"}],"about":[{"href":"https:\/\/www.abchukuk.com\/index.php\/wp-json\/wp\/v2\/types\/post"}],"author":[{"embeddable":true,"href":"https:\/\/www.abchukuk.com\/index.php\/wp-json\/wp\/v2\/users\/1"}],"replies":[{"embeddable":true,"href":"https:\/\/www.abchukuk.com\/index.php\/wp-json\/wp\/v2\/comments?post=9384"}],"version-history":[{"count":0,"href":"https:\/\/www.abchukuk.com\/index.php\/wp-json\/wp\/v2\/posts\/9384\/revisions"}],"wp:featuredmedia":[{"embeddable":true,"href":"https:\/\/www.abchukuk.com\/index.php\/wp-json\/wp\/v2\/media\/9385"}],"wp:attachment":[{"href":"https:\/\/www.abchukuk.com\/index.php\/wp-json\/wp\/v2\/media?parent=9384"}],"wp:term":[{"taxonomy":"category","embeddable":true,"href":"https:\/\/www.abchukuk.com\/index.php\/wp-json\/wp\/v2\/categories?post=9384"},{"taxonomy":"post_tag","embeddable":true,"href":"https:\/\/www.abchukuk.com\/index.php\/wp-json\/wp\/v2\/tags?post=9384"}],"curies":[{"name":"wp","href":"https:\/\/api.w.org\/{rel}","templated":true}]}}