{"id":9382,"date":"2025-10-26T19:09:00","date_gmt":"2025-10-26T19:09:00","guid":{"rendered":"https:\/\/www.abchukuk.com\/index.php\/2025\/10\/26\/son-dakika-imamoglu-siyasal-casusluktan-tutuklama-talebiyle-hakimlige-sevk-edildi\/"},"modified":"2025-10-26T19:09:00","modified_gmt":"2025-10-26T19:09:00","slug":"son-dakika-imamoglu-siyasal-casusluktan-tutuklama-talebiyle-hakimlige-sevk-edildi","status":"publish","type":"post","link":"https:\/\/www.abchukuk.com\/index.php\/2025\/10\/26\/son-dakika-imamoglu-siyasal-casusluktan-tutuklama-talebiyle-hakimlige-sevk-edildi\/","title":{"rendered":"Son dakika: \u0130mamo\u011flu, siyasal casusluktan tutuklama talebiyle hakimli\u011fe sevk edildi"},"content":{"rendered":"<p>Son dakika geli\u015fmesi&#8230; \u0130stanbul B\u00fcy\u00fck\u015fehir Belediye Ba\u015fkanl\u0131\u011f\u0131 g\u00f6revinden uzakla\u015ft\u0131r\u0131larak tutuklanan Ekrem \u0130mamo\u011flu, &#8216;siyasal casusluk&#8217; su\u00e7undan tutuklama talebiyle n\u00f6bet\u00e7i hakimli\u011fe sevk edildi.Son dakika geli\u015fmesi&#8230; \u0130stanbul B\u00fcy\u00fck\u015fehir Belediye Ba\u015fkanl\u0131\u011f\u0131 g\u00f6revinden uzakla\u015ft\u0131r\u0131larak tutuklanan Ekrem \u0130mamo\u011flu, &#8216;siyasal casusluk&#8217; su\u00e7undan tutuklama talebiyle n\u00f6bet\u00e7i hakimli\u011fe sevk edildi.\u00a0<a href=\"https:\/\/www.dunya.com\/gundem\/son-dakika-imamoglu-siyasal-casusluktan-tutuklama-talebiyle-hakimlige-sevk-edildi-haberi-800288\" target=\"_blank\" class=\"feedzy-rss-link-icon\">Read More<\/a><\/p>","protected":false},"excerpt":{"rendered":"<p>Son dakika geli\u015fmesi&#8230; \u0130stanbul B\u00fcy\u00fck\u015fehir Belediye Ba\u015fkanl\u0131\u011f\u0131 g\u00f6revinden uzakla\u015ft\u0131r\u0131larak tutuklanan Ekrem \u0130mamo\u011flu, &#8216;siyasal casusluk&#8217; su\u00e7undan tutuklama talebiyle n\u00f6bet\u00e7i hakimli\u011fe sevk edildi.Son dakika geli\u015fmesi&#8230; \u0130stanbul B\u00fcy\u00fck\u015fehir Belediye Ba\u015fkanl\u0131\u011f\u0131 g\u00f6revinden uzakla\u015ft\u0131r\u0131larak tutuklanan Ekrem \u0130mamo\u011flu, &#8216;siyasal casusluk&#8217; su\u00e7undan tutuklama talebiyle n\u00f6bet\u00e7i hakimli\u011fe sevk edildi.\u00a0Read More<\/p>\n","protected":false},"author":1,"featured_media":9383,"comment_status":"open","ping_status":"open","sticky":false,"template":"","format":"standard","meta":{"footnotes":"","_links_to":"","_links_to_target":""},"categories":[1],"tags":[],"class_list":["post-9382","post","type-post","status-publish","format-standard","has-post-thumbnail","hentry","category-haberler"],"_links":{"self":[{"href":"https:\/\/www.abchukuk.com\/index.php\/wp-json\/wp\/v2\/posts\/9382","targetHints":{"allow":["GET"]}}],"collection":[{"href":"https:\/\/www.abchukuk.com\/index.php\/wp-json\/wp\/v2\/posts"}],"about":[{"href":"https:\/\/www.abchukuk.com\/index.php\/wp-json\/wp\/v2\/types\/post"}],"author":[{"embeddable":true,"href":"https:\/\/www.abchukuk.com\/index.php\/wp-json\/wp\/v2\/users\/1"}],"replies":[{"embeddable":true,"href":"https:\/\/www.abchukuk.com\/index.php\/wp-json\/wp\/v2\/comments?post=9382"}],"version-history":[{"count":0,"href":"https:\/\/www.abchukuk.com\/index.php\/wp-json\/wp\/v2\/posts\/9382\/revisions"}],"wp:featuredmedia":[{"embeddable":true,"href":"https:\/\/www.abchukuk.com\/index.php\/wp-json\/wp\/v2\/media\/9383"}],"wp:attachment":[{"href":"https:\/\/www.abchukuk.com\/index.php\/wp-json\/wp\/v2\/media?parent=9382"}],"wp:term":[{"taxonomy":"category","embeddable":true,"href":"https:\/\/www.abchukuk.com\/index.php\/wp-json\/wp\/v2\/categories?post=9382"},{"taxonomy":"post_tag","embeddable":true,"href":"https:\/\/www.abchukuk.com\/index.php\/wp-json\/wp\/v2\/tags?post=9382"}],"curies":[{"name":"wp","href":"https:\/\/api.w.org\/{rel}","templated":true}]}}