{"id":9380,"date":"2025-10-26T19:12:29","date_gmt":"2025-10-26T19:12:29","guid":{"rendered":"https:\/\/www.abchukuk.com\/index.php\/2025\/10\/26\/casusluk-sorusturmasinda-flas-gelisme-imamoglu-yanardag-ve-ozkan-icin-tutuklama-talebi\/"},"modified":"2025-10-26T19:12:29","modified_gmt":"2025-10-26T19:12:29","slug":"casusluk-sorusturmasinda-flas-gelisme-imamoglu-yanardag-ve-ozkan-icin-tutuklama-talebi","status":"publish","type":"post","link":"https:\/\/www.abchukuk.com\/index.php\/2025\/10\/26\/casusluk-sorusturmasinda-flas-gelisme-imamoglu-yanardag-ve-ozkan-icin-tutuklama-talebi\/","title":{"rendered":"Casusluk Soru\u015fturmas\u0131nda Fla\u015f Geli\u015fme! \u0130mamo\u011flu, Yanarda\u011f ve \u00d6zkan i\u00e7in Tutuklama Talebi"},"content":{"rendered":"<p><a href=\"https:\/\/www.gercekgundem.com\/guncel\/casusluk-sorusturmasinda-flas-gelisme-imamoglu-yanardag-ve-ozkan-icin-tutuklama-talebi-560978\"><br \/>\n                                                            <img decoding=\"async\" src=\"https:\/\/i.gercekgundem.com\/2\/150\/84\/storage\/files\/images\/2025\/10\/18\/sondakika-gorsel-on79.png\" width=\"150\" height=\"84\" border=\"0\" align=\"right\" \/><br \/>\n                                                    <\/a><\/p>\n<h4>&#8216;Casusluk&#8217; soru\u015fturmas\u0131nda ifade veren Ekrem \u0130mamo\u011flu, Merdan Yanarda\u011f ve Necati \u00d6zkan, tutuklama talebiyle Sulh Ceza Hakimli\u011fi\u2019ne sevk edildi.<\/h4>\n<p>&#8216;Casusluk&#8217; soru\u015fturmas\u0131nda ifade veren Ekrem \u0130mamo\u011flu, Merdan Yanarda\u011f ve Necati \u00d6zkan, tutuklama talebiyle Sulh Ceza Hakimli\u011fi\u2019ne sevk edildi.\u00a0<a href=\"https:\/\/www.gercekgundem.com\/guncel\/casusluk-sorusturmasinda-flas-gelisme-imamoglu-yanardag-ve-ozkan-icin-tutuklama-talebi-560978\" target=\"_blank\" class=\"feedzy-rss-link-icon\">Read More<\/a><\/p>","protected":false},"excerpt":{"rendered":"<p>&#8216;Casusluk&#8217; soru\u015fturmas\u0131nda ifade veren Ekrem \u0130mamo\u011flu, Merdan Yanarda\u011f ve Necati \u00d6zkan, tutuklama talebiyle Sulh Ceza Hakimli\u011fi\u2019ne sevk edildi. &#8216;Casusluk&#8217; soru\u015fturmas\u0131nda ifade veren Ekrem \u0130mamo\u011flu, Merdan Yanarda\u011f ve Necati \u00d6zkan, tutuklama talebiyle Sulh Ceza Hakimli\u011fi\u2019ne sevk edildi.\u00a0Read More<\/p>\n","protected":false},"author":1,"featured_media":9381,"comment_status":"open","ping_status":"open","sticky":false,"template":"","format":"standard","meta":{"footnotes":"","_links_to":"","_links_to_target":""},"categories":[1],"tags":[],"class_list":["post-9380","post","type-post","status-publish","format-standard","has-post-thumbnail","hentry","category-haberler"],"_links":{"self":[{"href":"https:\/\/www.abchukuk.com\/index.php\/wp-json\/wp\/v2\/posts\/9380","targetHints":{"allow":["GET"]}}],"collection":[{"href":"https:\/\/www.abchukuk.com\/index.php\/wp-json\/wp\/v2\/posts"}],"about":[{"href":"https:\/\/www.abchukuk.com\/index.php\/wp-json\/wp\/v2\/types\/post"}],"author":[{"embeddable":true,"href":"https:\/\/www.abchukuk.com\/index.php\/wp-json\/wp\/v2\/users\/1"}],"replies":[{"embeddable":true,"href":"https:\/\/www.abchukuk.com\/index.php\/wp-json\/wp\/v2\/comments?post=9380"}],"version-history":[{"count":0,"href":"https:\/\/www.abchukuk.com\/index.php\/wp-json\/wp\/v2\/posts\/9380\/revisions"}],"wp:featuredmedia":[{"embeddable":true,"href":"https:\/\/www.abchukuk.com\/index.php\/wp-json\/wp\/v2\/media\/9381"}],"wp:attachment":[{"href":"https:\/\/www.abchukuk.com\/index.php\/wp-json\/wp\/v2\/media?parent=9380"}],"wp:term":[{"taxonomy":"category","embeddable":true,"href":"https:\/\/www.abchukuk.com\/index.php\/wp-json\/wp\/v2\/categories?post=9380"},{"taxonomy":"post_tag","embeddable":true,"href":"https:\/\/www.abchukuk.com\/index.php\/wp-json\/wp\/v2\/tags?post=9380"}],"curies":[{"name":"wp","href":"https:\/\/api.w.org\/{rel}","templated":true}]}}