{"id":9377,"date":"2025-10-26T19:26:35","date_gmt":"2025-10-26T19:26:35","guid":{"rendered":"https:\/\/www.abchukuk.com\/index.php\/2025\/10\/26\/imamoglu-yanardag-ve-ozkan-icin-tutuklama-talebi\/"},"modified":"2025-10-26T19:26:35","modified_gmt":"2025-10-26T19:26:35","slug":"imamoglu-yanardag-ve-ozkan-icin-tutuklama-talebi","status":"publish","type":"post","link":"https:\/\/www.abchukuk.com\/index.php\/2025\/10\/26\/imamoglu-yanardag-ve-ozkan-icin-tutuklama-talebi\/","title":{"rendered":"\u0130mamo\u011flu, Yanarda\u011f ve \u00d6zkan i\u00e7in tutuklama talebi"},"content":{"rendered":"<p>Casusluk soru\u015fturmas\u0131 kapsam\u0131nda Ekrem \u0130mamo\u011flu, Necati \u00d6zkan ve Merdan Yanarda\u011f tutuklama talebiyle N\u00f6bet\u00e7i Sulh Ceza Hakimli\u011fine sevk edildiler.Casusluk soru\u015fturmas\u0131 kapsam\u0131nda Ekrem \u0130mamo\u011flu, Necati \u00d6zkan ve Merdan Yanarda\u011f tutuklama talebiyle N\u00f6bet\u00e7i Sulh Ceza Hakimli\u011fine sevk edildiler.\u00a0<a href=\"https:\/\/www.haberturk.com\/ekrem-imamoglu-nun-ifadesi-ortaya-cikti-3832966\" target=\"_blank\" class=\"feedzy-rss-link-icon\">Read More<\/a><\/p>","protected":false},"excerpt":{"rendered":"<p>Casusluk soru\u015fturmas\u0131 kapsam\u0131nda Ekrem \u0130mamo\u011flu, Necati \u00d6zkan ve Merdan Yanarda\u011f tutuklama talebiyle N\u00f6bet\u00e7i Sulh Ceza Hakimli\u011fine sevk edildiler.Casusluk soru\u015fturmas\u0131 kapsam\u0131nda Ekrem \u0130mamo\u011flu, Necati \u00d6zkan ve Merdan Yanarda\u011f tutuklama talebiyle N\u00f6bet\u00e7i Sulh Ceza Hakimli\u011fine sevk edildiler.\u00a0Read More<\/p>\n","protected":false},"author":1,"featured_media":0,"comment_status":"open","ping_status":"open","sticky":false,"template":"","format":"standard","meta":{"footnotes":"","_links_to":"","_links_to_target":""},"categories":[1],"tags":[],"class_list":["post-9377","post","type-post","status-publish","format-standard","hentry","category-haberler"],"_links":{"self":[{"href":"https:\/\/www.abchukuk.com\/index.php\/wp-json\/wp\/v2\/posts\/9377","targetHints":{"allow":["GET"]}}],"collection":[{"href":"https:\/\/www.abchukuk.com\/index.php\/wp-json\/wp\/v2\/posts"}],"about":[{"href":"https:\/\/www.abchukuk.com\/index.php\/wp-json\/wp\/v2\/types\/post"}],"author":[{"embeddable":true,"href":"https:\/\/www.abchukuk.com\/index.php\/wp-json\/wp\/v2\/users\/1"}],"replies":[{"embeddable":true,"href":"https:\/\/www.abchukuk.com\/index.php\/wp-json\/wp\/v2\/comments?post=9377"}],"version-history":[{"count":0,"href":"https:\/\/www.abchukuk.com\/index.php\/wp-json\/wp\/v2\/posts\/9377\/revisions"}],"wp:attachment":[{"href":"https:\/\/www.abchukuk.com\/index.php\/wp-json\/wp\/v2\/media?parent=9377"}],"wp:term":[{"taxonomy":"category","embeddable":true,"href":"https:\/\/www.abchukuk.com\/index.php\/wp-json\/wp\/v2\/categories?post=9377"},{"taxonomy":"post_tag","embeddable":true,"href":"https:\/\/www.abchukuk.com\/index.php\/wp-json\/wp\/v2\/tags?post=9377"}],"curies":[{"name":"wp","href":"https:\/\/api.w.org\/{rel}","templated":true}]}}