{"id":9376,"date":"2025-10-26T19:52:20","date_gmt":"2025-10-26T19:52:20","guid":{"rendered":"https:\/\/www.abchukuk.com\/index.php\/2025\/10\/26\/ekrem-imamoglu-merdan-yanardag-ve-necati-ozkan-hakkinda-tutuklama-talep-edildi\/"},"modified":"2025-10-26T19:52:20","modified_gmt":"2025-10-26T19:52:20","slug":"ekrem-imamoglu-merdan-yanardag-ve-necati-ozkan-hakkinda-tutuklama-talep-edildi","status":"publish","type":"post","link":"https:\/\/www.abchukuk.com\/index.php\/2025\/10\/26\/ekrem-imamoglu-merdan-yanardag-ve-necati-ozkan-hakkinda-tutuklama-talep-edildi\/","title":{"rendered":"Ekrem \u0130mamo\u011flu, Merdan Yanarda\u011f ve Necati \u00d6zkan hakk\u0131nda tutuklama talep edildi"},"content":{"rendered":"<p>Ekrem \u0130mamo\u011flu, Merdan Yanarda\u011f ve Necati \u00d6zkan hakk\u0131nda &#8216;casusluk soru\u015fturmas\u0131&#8217; kapsam\u0131nda tutuklama talep edildi\u011fi bildirildi.Ekrem \u0130mamo\u011flu, Merdan Yanarda\u011f ve Necati \u00d6zkan hakk\u0131nda &#8216;casusluk soru\u015fturmas\u0131&#8217; kapsam\u0131nda tutuklama talep edildi\u011fi bildirildi.\u00a0<a href=\"https:\/\/anlatilaninotesi.com.tr\/20251026\/ekrem-imamoglu-merdan-yanardag-ve-necati-ozkan-hakkinda-tutuklama-talep-edildi-1100491843.html\" target=\"_blank\" class=\"feedzy-rss-link-icon\">Read More<\/a><\/p>","protected":false},"excerpt":{"rendered":"<p>Ekrem \u0130mamo\u011flu, Merdan Yanarda\u011f ve Necati \u00d6zkan hakk\u0131nda &#8216;casusluk soru\u015fturmas\u0131&#8217; kapsam\u0131nda tutuklama talep edildi\u011fi bildirildi.Ekrem \u0130mamo\u011flu, Merdan Yanarda\u011f ve Necati \u00d6zkan hakk\u0131nda &#8216;casusluk soru\u015fturmas\u0131&#8217; kapsam\u0131nda tutuklama talep edildi\u011fi bildirildi.\u00a0Read More<\/p>\n","protected":false},"author":1,"featured_media":0,"comment_status":"open","ping_status":"open","sticky":false,"template":"","format":"standard","meta":{"footnotes":"","_links_to":"","_links_to_target":""},"categories":[1],"tags":[],"class_list":["post-9376","post","type-post","status-publish","format-standard","hentry","category-haberler"],"_links":{"self":[{"href":"https:\/\/www.abchukuk.com\/index.php\/wp-json\/wp\/v2\/posts\/9376","targetHints":{"allow":["GET"]}}],"collection":[{"href":"https:\/\/www.abchukuk.com\/index.php\/wp-json\/wp\/v2\/posts"}],"about":[{"href":"https:\/\/www.abchukuk.com\/index.php\/wp-json\/wp\/v2\/types\/post"}],"author":[{"embeddable":true,"href":"https:\/\/www.abchukuk.com\/index.php\/wp-json\/wp\/v2\/users\/1"}],"replies":[{"embeddable":true,"href":"https:\/\/www.abchukuk.com\/index.php\/wp-json\/wp\/v2\/comments?post=9376"}],"version-history":[{"count":0,"href":"https:\/\/www.abchukuk.com\/index.php\/wp-json\/wp\/v2\/posts\/9376\/revisions"}],"wp:attachment":[{"href":"https:\/\/www.abchukuk.com\/index.php\/wp-json\/wp\/v2\/media?parent=9376"}],"wp:term":[{"taxonomy":"category","embeddable":true,"href":"https:\/\/www.abchukuk.com\/index.php\/wp-json\/wp\/v2\/categories?post=9376"},{"taxonomy":"post_tag","embeddable":true,"href":"https:\/\/www.abchukuk.com\/index.php\/wp-json\/wp\/v2\/tags?post=9376"}],"curies":[{"name":"wp","href":"https:\/\/api.w.org\/{rel}","templated":true}]}}