{"id":9371,"date":"2025-10-26T16:07:54","date_gmt":"2025-10-26T16:07:54","guid":{"rendered":"https:\/\/www.abchukuk.com\/index.php\/2025\/10\/26\/izmirde-uclu-guc-hukumlu-ve-tutuklu-islemlerini-tek-cati-altinda-koordine-etti\/"},"modified":"2025-10-26T16:07:54","modified_gmt":"2025-10-26T16:07:54","slug":"izmirde-uclu-guc-hukumlu-ve-tutuklu-islemlerini-tek-cati-altinda-koordine-etti","status":"publish","type":"post","link":"https:\/\/www.abchukuk.com\/index.php\/2025\/10\/26\/izmirde-uclu-guc-hukumlu-ve-tutuklu-islemlerini-tek-cati-altinda-koordine-etti\/","title":{"rendered":"\u0130zmir\u2019de \u00fc\u00e7l\u00fc g\u00fc\u00e7 h\u00fck\u00fcml\u00fc ve tutuklu i\u015flemlerini tek \u00e7at\u0131 alt\u0131nda koordine etti"},"content":{"rendered":"<p>\u0130zmir Cumhuriyet Ba\u015fsavc\u0131l\u0131\u011f\u0131, \u0130zmir \u0130l Sa\u011fl\u0131k M\u00fcd\u00fcrl\u00fc\u011f\u00fc ve \u0130zmir \u0130l Jandarma Komutanl\u0131\u011f\u0131 i\u015fbirli\u011finde \u0130zmir A\u00e7\u0131k Ceza \u0130nfaz Kurumu toplant\u0131 salonunda \u00fc\u00e7l\u00fc koordinasyon toplant\u0131s\u0131 ger\u00e7ekle\u015ftirildi.<\/p>\n<p><img fetchpriority=\"high\" decoding=\"async\" class=\"alignnone size-large wp-image-164201\" src=\"https:\/\/www.son.tv\/wp-content\/uploads\/2025\/10\/67f6eb7c-b339-4581-84ea-df45e58cf1f0-1024x682.jpeg\" alt=\"\" width=\"1024\" height=\"682\" \/><\/p>\n<p>Toplant\u0131da 16 Temmuz- 17 Ekim 2025 tarihleri aras\u0131nda kurumlara giri\u015f- \u00e7\u0131k\u0131\u015f yapan h\u00fck\u00fcml\u00fc ve tutuklulara ili\u015fkin say\u0131sal veriler de\u011ferlendirildi. Ayr\u0131ca ayn\u0131 d\u00f6nemde hastanelere g\u00f6t\u00fcr\u00fclen h\u00fck\u00fcml\u00fc ve tutuklular ile 17 Ekim 2025 tarihi itibari ile hastaneye g\u00f6t\u00fcr\u00fclmeyi bekleyen h\u00fck\u00fcml\u00fc ve tutuklular\u0131n durumu, mahkeme, s\u0131nav, mazeret izni ve di\u011fer nedenlerle ger\u00e7ekle\u015ftirilen nakillerle ilgili bilgiler ele al\u0131nd\u0131. Koordinasyon toplant\u0131s\u0131n\u0131n kurumlar aras\u0131 i\u015f birli\u011fini g\u00fc\u00e7lendirmeyi ve h\u00fck\u00fcml\u00fc- tutuklu i\u015flemlerinin daha d\u00fczenli ve etkin bir \u015fekilde y\u00fcr\u00fct\u00fclmesini sa\u011flamas\u0131 hedefleniyor.<\/p>\n<p>\u0130zmir Cumhuriyet Ba\u015fsavc\u0131l\u0131\u011f\u0131, \u0130l Sa\u011fl\u0131k M\u00fcd\u00fcrl\u00fc\u011f\u00fc ve \u0130l Jandarma Komutanl\u0131\u011f\u0131 i\u015fbirli\u011fiyle \u0130zmir A\u00e7\u0131k Ceza \u0130nfaz Kurumu\u2019nda d\u00fczenlenen \u00fc\u00e7l\u00fc koordinasyon toplant\u0131s\u0131nda, h\u00fck\u00fcml\u00fc ve tutuklular\u0131n hastane sevkleri, kurumlara giri\u015f-\u00e7\u0131k\u0131\u015f verileri ile nakil i\u015flemleri de\u011ferlendirildi. Toplant\u0131n\u0131n, kurumlar aras\u0131 i\u015f birli\u011fini g\u00fc\u00e7lendirerek h\u00fck\u00fcml\u00fc ve tutuklu i\u015flemlerinin daha etkin y\u00fcr\u00fct\u00fclmesini hedefledi\u011fi belirtildi.\u00a0<a href=\"https:\/\/www.son.tv\/izmirde-uclu-guc-hukumlu-ve-tutuklu-islemlerini-tek-cati-altinda-koordine-etti\/\" target=\"_blank\" class=\"feedzy-rss-link-icon\">Read More<\/a><\/p>","protected":false},"excerpt":{"rendered":"<p>\u0130zmir Cumhuriyet Ba\u015fsavc\u0131l\u0131\u011f\u0131, \u0130zmir \u0130l Sa\u011fl\u0131k M\u00fcd\u00fcrl\u00fc\u011f\u00fc ve \u0130zmir \u0130l Jandarma Komutanl\u0131\u011f\u0131 i\u015fbirli\u011finde \u0130zmir A\u00e7\u0131k Ceza \u0130nfaz Kurumu toplant\u0131 salonunda \u00fc\u00e7l\u00fc koordinasyon toplant\u0131s\u0131 ger\u00e7ekle\u015ftirildi. Toplant\u0131da 16 Temmuz- 17 Ekim 2025 tarihleri aras\u0131nda kurumlara giri\u015f- \u00e7\u0131k\u0131\u015f yapan h\u00fck\u00fcml\u00fc ve tutuklulara ili\u015fkin say\u0131sal veriler de\u011ferlendirildi. Ayr\u0131ca ayn\u0131 d\u00f6nemde hastanelere g\u00f6t\u00fcr\u00fclen h\u00fck\u00fcml\u00fc ve tutuklular ile 17 Ekim 2025 [&hellip;]<\/p>\n","protected":false},"author":1,"featured_media":9372,"comment_status":"open","ping_status":"open","sticky":false,"template":"","format":"standard","meta":{"footnotes":"","_links_to":"","_links_to_target":""},"categories":[1],"tags":[],"class_list":["post-9371","post","type-post","status-publish","format-standard","has-post-thumbnail","hentry","category-haberler"],"_links":{"self":[{"href":"https:\/\/www.abchukuk.com\/index.php\/wp-json\/wp\/v2\/posts\/9371","targetHints":{"allow":["GET"]}}],"collection":[{"href":"https:\/\/www.abchukuk.com\/index.php\/wp-json\/wp\/v2\/posts"}],"about":[{"href":"https:\/\/www.abchukuk.com\/index.php\/wp-json\/wp\/v2\/types\/post"}],"author":[{"embeddable":true,"href":"https:\/\/www.abchukuk.com\/index.php\/wp-json\/wp\/v2\/users\/1"}],"replies":[{"embeddable":true,"href":"https:\/\/www.abchukuk.com\/index.php\/wp-json\/wp\/v2\/comments?post=9371"}],"version-history":[{"count":0,"href":"https:\/\/www.abchukuk.com\/index.php\/wp-json\/wp\/v2\/posts\/9371\/revisions"}],"wp:featuredmedia":[{"embeddable":true,"href":"https:\/\/www.abchukuk.com\/index.php\/wp-json\/wp\/v2\/media\/9372"}],"wp:attachment":[{"href":"https:\/\/www.abchukuk.com\/index.php\/wp-json\/wp\/v2\/media?parent=9371"}],"wp:term":[{"taxonomy":"category","embeddable":true,"href":"https:\/\/www.abchukuk.com\/index.php\/wp-json\/wp\/v2\/categories?post=9371"},{"taxonomy":"post_tag","embeddable":true,"href":"https:\/\/www.abchukuk.com\/index.php\/wp-json\/wp\/v2\/tags?post=9371"}],"curies":[{"name":"wp","href":"https:\/\/api.w.org\/{rel}","templated":true}]}}