{"id":9366,"date":"2025-10-26T14:13:48","date_gmt":"2025-10-26T14:13:48","guid":{"rendered":"https:\/\/www.abchukuk.com\/index.php\/2025\/10\/26\/ekrem-imamoglu-casusluk-sorusturmasi-kapsaminda-adliyede-ifade-veriyor\/"},"modified":"2025-10-26T14:13:48","modified_gmt":"2025-10-26T14:13:48","slug":"ekrem-imamoglu-casusluk-sorusturmasi-kapsaminda-adliyede-ifade-veriyor","status":"publish","type":"post","link":"https:\/\/www.abchukuk.com\/index.php\/2025\/10\/26\/ekrem-imamoglu-casusluk-sorusturmasi-kapsaminda-adliyede-ifade-veriyor\/","title":{"rendered":"Ekrem \u0130mamo\u011flu, casusluk soru\u015fturmas\u0131 kapsam\u0131nda adliyede ifade veriyor"},"content":{"rendered":"<p>Tutuklanmas\u0131n\u0131n ard\u0131ndan g\u00f6revden uzakla\u015ft\u0131r\u0131lan \u0130stanbul B\u00fcy\u00fck\u015fehir Belediye (\u0130BB) Ba\u015fkan\u0131 Ekrem \u0130mamo\u011flu&#8217;yla dan\u0131\u015fman\u0131 Necati \u00d6zkan, &#8216;casusluk&#8217; soru\u015fturmas\u0131 kapsam\u0131nda tutuklu bulunduklar\u0131 Marmara Cezaevi\u2019nden getirilerek \u00c7a\u011flayan\u2019daki \u0130stanbul Adalet Saray\u0131\u2019nda ifade veriyor.Tutuklanmas\u0131n\u0131n ard\u0131ndan g\u00f6revden uzakla\u015ft\u0131r\u0131lan \u0130stanbul B\u00fcy\u00fck\u015fehir Belediye (\u0130BB) Ba\u015fkan\u0131 Ekrem \u0130mamo\u011flu&#8217;yla dan\u0131\u015fman\u0131 Necati \u00d6zkan, &#8216;casusluk&#8217; soru\u015fturmas\u0131 kapsam\u0131nda tutuklu bulunduklar\u0131 Marmara Cezaevi\u2019nden getirilerek \u00c7a\u011flayan\u2019daki \u0130stanbul Adalet Saray\u0131\u2019nda ifade veriyor.\u00a0<a href=\"https:\/\/anlatilaninotesi.com.tr\/20251026\/ekrem-imamoglu-casusluk-sorusturmasi-kapsaminda-adliyede-ifade-veriyor-1100488184.html\" target=\"_blank\" class=\"feedzy-rss-link-icon\">Read More<\/a><\/p>","protected":false},"excerpt":{"rendered":"<p>Tutuklanmas\u0131n\u0131n ard\u0131ndan g\u00f6revden uzakla\u015ft\u0131r\u0131lan \u0130stanbul B\u00fcy\u00fck\u015fehir Belediye (\u0130BB) Ba\u015fkan\u0131 Ekrem \u0130mamo\u011flu&#8217;yla dan\u0131\u015fman\u0131 Necati \u00d6zkan, &#8216;casusluk&#8217; soru\u015fturmas\u0131 kapsam\u0131nda tutuklu bulunduklar\u0131 Marmara Cezaevi\u2019nden getirilerek \u00c7a\u011flayan\u2019daki \u0130stanbul Adalet Saray\u0131\u2019nda ifade veriyor.Tutuklanmas\u0131n\u0131n ard\u0131ndan g\u00f6revden uzakla\u015ft\u0131r\u0131lan \u0130stanbul B\u00fcy\u00fck\u015fehir Belediye (\u0130BB) Ba\u015fkan\u0131 Ekrem \u0130mamo\u011flu&#8217;yla dan\u0131\u015fman\u0131 Necati \u00d6zkan, &#8216;casusluk&#8217; soru\u015fturmas\u0131 kapsam\u0131nda tutuklu bulunduklar\u0131 Marmara Cezaevi\u2019nden getirilerek \u00c7a\u011flayan\u2019daki \u0130stanbul Adalet Saray\u0131\u2019nda ifade veriyor.\u00a0Read [&hellip;]<\/p>\n","protected":false},"author":1,"featured_media":0,"comment_status":"open","ping_status":"open","sticky":false,"template":"","format":"standard","meta":{"footnotes":"","_links_to":"","_links_to_target":""},"categories":[1],"tags":[],"class_list":["post-9366","post","type-post","status-publish","format-standard","hentry","category-haberler"],"_links":{"self":[{"href":"https:\/\/www.abchukuk.com\/index.php\/wp-json\/wp\/v2\/posts\/9366","targetHints":{"allow":["GET"]}}],"collection":[{"href":"https:\/\/www.abchukuk.com\/index.php\/wp-json\/wp\/v2\/posts"}],"about":[{"href":"https:\/\/www.abchukuk.com\/index.php\/wp-json\/wp\/v2\/types\/post"}],"author":[{"embeddable":true,"href":"https:\/\/www.abchukuk.com\/index.php\/wp-json\/wp\/v2\/users\/1"}],"replies":[{"embeddable":true,"href":"https:\/\/www.abchukuk.com\/index.php\/wp-json\/wp\/v2\/comments?post=9366"}],"version-history":[{"count":0,"href":"https:\/\/www.abchukuk.com\/index.php\/wp-json\/wp\/v2\/posts\/9366\/revisions"}],"wp:attachment":[{"href":"https:\/\/www.abchukuk.com\/index.php\/wp-json\/wp\/v2\/media?parent=9366"}],"wp:term":[{"taxonomy":"category","embeddable":true,"href":"https:\/\/www.abchukuk.com\/index.php\/wp-json\/wp\/v2\/categories?post=9366"},{"taxonomy":"post_tag","embeddable":true,"href":"https:\/\/www.abchukuk.com\/index.php\/wp-json\/wp\/v2\/tags?post=9366"}],"curies":[{"name":"wp","href":"https:\/\/api.w.org\/{rel}","templated":true}]}}