{"id":9364,"date":"2025-10-26T14:43:00","date_gmt":"2025-10-26T14:43:00","guid":{"rendered":"https:\/\/www.abchukuk.com\/index.php\/2025\/10\/26\/gazze-mahkemesi-nihai-kararini-acikladi-siyonizm-kaynakli-soykirim-sucu-islendi\/"},"modified":"2025-10-26T14:43:00","modified_gmt":"2025-10-26T14:43:00","slug":"gazze-mahkemesi-nihai-kararini-acikladi-siyonizm-kaynakli-soykirim-sucu-islendi","status":"publish","type":"post","link":"https:\/\/www.abchukuk.com\/index.php\/2025\/10\/26\/gazze-mahkemesi-nihai-kararini-acikladi-siyonizm-kaynakli-soykirim-sucu-islendi\/","title":{"rendered":"Gazze Mahkemesi nihai karar\u0131n\u0131 a\u00e7\u0131klad\u0131: \u2018Siyonizm kaynakl\u0131 soyk\u0131r\u0131m su\u00e7u i\u015flendi\u2019"},"content":{"rendered":"<p>Gazze Mahkemesi, \u0130stanbul\u2019daki oturumunun ard\u0131ndan \u0130srail\u2019in Filistinlilere kar\u015f\u0131 \u201csiyonizm temelli soyk\u0131r\u0131m su\u00e7u\u201d i\u015fledi\u011fine h\u00fckmetti; mahkeme, uluslararas\u0131 topluma tarafs\u0131zl\u0131\u011f\u0131 b\u0131rak\u0131p hesap verilebilirlik \u00e7a\u011fr\u0131s\u0131 yapt\u0131.Gazze Mahkemesi, \u0130stanbul\u2019daki oturumunun ard\u0131ndan \u0130srail\u2019in Filistinlilere kar\u015f\u0131 \u201csiyonizm temelli soyk\u0131r\u0131m su\u00e7u\u201d i\u015fledi\u011fine h\u00fckmetti; mahkeme, uluslararas\u0131 topluma tarafs\u0131zl\u0131\u011f\u0131 b\u0131rak\u0131p hesap verilebilirlik \u00e7a\u011fr\u0131s\u0131 yapt\u0131.\u00a0<a href=\"https:\/\/www.cumhuriyet.com.tr\/turkiye\/gazze-mahkemesi-nihai-kararini-acikladi-siyonizm-kaynakli-soykirim-sucu-islendi-2447121\" target=\"_blank\" class=\"feedzy-rss-link-icon\">Read More<\/a><\/p>","protected":false},"excerpt":{"rendered":"<p>Gazze Mahkemesi, \u0130stanbul\u2019daki oturumunun ard\u0131ndan \u0130srail\u2019in Filistinlilere kar\u015f\u0131 \u201csiyonizm temelli soyk\u0131r\u0131m su\u00e7u\u201d i\u015fledi\u011fine h\u00fckmetti; mahkeme, uluslararas\u0131 topluma tarafs\u0131zl\u0131\u011f\u0131 b\u0131rak\u0131p hesap verilebilirlik \u00e7a\u011fr\u0131s\u0131 yapt\u0131.Gazze Mahkemesi, \u0130stanbul\u2019daki oturumunun ard\u0131ndan \u0130srail\u2019in Filistinlilere kar\u015f\u0131 \u201csiyonizm temelli soyk\u0131r\u0131m su\u00e7u\u201d i\u015fledi\u011fine h\u00fckmetti; mahkeme, uluslararas\u0131 topluma tarafs\u0131zl\u0131\u011f\u0131 b\u0131rak\u0131p hesap verilebilirlik \u00e7a\u011fr\u0131s\u0131 yapt\u0131.\u00a0Read More<\/p>\n","protected":false},"author":1,"featured_media":9365,"comment_status":"open","ping_status":"open","sticky":false,"template":"","format":"standard","meta":{"footnotes":"","_links_to":"","_links_to_target":""},"categories":[1],"tags":[],"class_list":["post-9364","post","type-post","status-publish","format-standard","has-post-thumbnail","hentry","category-haberler"],"_links":{"self":[{"href":"https:\/\/www.abchukuk.com\/index.php\/wp-json\/wp\/v2\/posts\/9364","targetHints":{"allow":["GET"]}}],"collection":[{"href":"https:\/\/www.abchukuk.com\/index.php\/wp-json\/wp\/v2\/posts"}],"about":[{"href":"https:\/\/www.abchukuk.com\/index.php\/wp-json\/wp\/v2\/types\/post"}],"author":[{"embeddable":true,"href":"https:\/\/www.abchukuk.com\/index.php\/wp-json\/wp\/v2\/users\/1"}],"replies":[{"embeddable":true,"href":"https:\/\/www.abchukuk.com\/index.php\/wp-json\/wp\/v2\/comments?post=9364"}],"version-history":[{"count":0,"href":"https:\/\/www.abchukuk.com\/index.php\/wp-json\/wp\/v2\/posts\/9364\/revisions"}],"wp:featuredmedia":[{"embeddable":true,"href":"https:\/\/www.abchukuk.com\/index.php\/wp-json\/wp\/v2\/media\/9365"}],"wp:attachment":[{"href":"https:\/\/www.abchukuk.com\/index.php\/wp-json\/wp\/v2\/media?parent=9364"}],"wp:term":[{"taxonomy":"category","embeddable":true,"href":"https:\/\/www.abchukuk.com\/index.php\/wp-json\/wp\/v2\/categories?post=9364"},{"taxonomy":"post_tag","embeddable":true,"href":"https:\/\/www.abchukuk.com\/index.php\/wp-json\/wp\/v2\/tags?post=9364"}],"curies":[{"name":"wp","href":"https:\/\/api.w.org\/{rel}","templated":true}]}}