{"id":9359,"date":"2025-10-26T12:26:00","date_gmt":"2025-10-26T12:26:00","guid":{"rendered":"https:\/\/www.abchukuk.com\/index.php\/2025\/10\/26\/bebegini-bankta-oturan-kisiye-birakip-kacti-adli-kontrol-sartiyla-serbest\/"},"modified":"2025-10-26T12:26:00","modified_gmt":"2025-10-26T12:26:00","slug":"bebegini-bankta-oturan-kisiye-birakip-kacti-adli-kontrol-sartiyla-serbest","status":"publish","type":"post","link":"https:\/\/www.abchukuk.com\/index.php\/2025\/10\/26\/bebegini-bankta-oturan-kisiye-birakip-kacti-adli-kontrol-sartiyla-serbest\/","title":{"rendered":"Bebe\u011fini bankta oturan ki\u015fiye b\u0131rak\u0131p ka\u00e7t\u0131: Adli kontrol \u015fart\u0131yla serbest!"},"content":{"rendered":"<p>Tekirda\u011f\u2019\u0131n \u00c7orlu il\u00e7esinde 3 ayl\u0131k bebe\u011fini parkta bir ki\u015fiye b\u0131rak\u0131p ka\u00e7an anne, polis taraf\u0131ndan yakaland\u0131. Adli kontrolle serbest b\u0131rak\u0131lan annenin bebe\u011fi, Aile ve Sosyal Hizmetler M\u00fcd\u00fcrl\u00fc\u011f\u00fc taraf\u0131ndan koruma alt\u0131na al\u0131nd\u0131.Tekirda\u011f\u2019\u0131n \u00c7orlu il\u00e7esinde 3 ayl\u0131k bebe\u011fini parkta bir ki\u015fiye b\u0131rak\u0131p ka\u00e7an anne, polis taraf\u0131ndan yakaland\u0131. Adli kontrolle serbest b\u0131rak\u0131lan annenin bebe\u011fi, Aile ve Sosyal Hizmetler M\u00fcd\u00fcrl\u00fc\u011f\u00fc taraf\u0131ndan koruma alt\u0131na al\u0131nd\u0131.\u00a0<a href=\"https:\/\/www.cumhuriyet.com.tr\/turkiye\/bebegini-bankta-oturan-kisiye-birakip-kacti-adli-kontrol-sartiyla-serbest-2447072\" target=\"_blank\" class=\"feedzy-rss-link-icon\">Read More<\/a><\/p>","protected":false},"excerpt":{"rendered":"<p>Tekirda\u011f\u2019\u0131n \u00c7orlu il\u00e7esinde 3 ayl\u0131k bebe\u011fini parkta bir ki\u015fiye b\u0131rak\u0131p ka\u00e7an anne, polis taraf\u0131ndan yakaland\u0131. Adli kontrolle serbest b\u0131rak\u0131lan annenin bebe\u011fi, Aile ve Sosyal Hizmetler M\u00fcd\u00fcrl\u00fc\u011f\u00fc taraf\u0131ndan koruma alt\u0131na al\u0131nd\u0131.Tekirda\u011f\u2019\u0131n \u00c7orlu il\u00e7esinde 3 ayl\u0131k bebe\u011fini parkta bir ki\u015fiye b\u0131rak\u0131p ka\u00e7an anne, polis taraf\u0131ndan yakaland\u0131. Adli kontrolle serbest b\u0131rak\u0131lan annenin bebe\u011fi, Aile ve Sosyal Hizmetler M\u00fcd\u00fcrl\u00fc\u011f\u00fc [&hellip;]<\/p>\n","protected":false},"author":1,"featured_media":9360,"comment_status":"open","ping_status":"open","sticky":false,"template":"","format":"standard","meta":{"footnotes":"","_links_to":"","_links_to_target":""},"categories":[1],"tags":[],"class_list":["post-9359","post","type-post","status-publish","format-standard","has-post-thumbnail","hentry","category-haberler"],"_links":{"self":[{"href":"https:\/\/www.abchukuk.com\/index.php\/wp-json\/wp\/v2\/posts\/9359","targetHints":{"allow":["GET"]}}],"collection":[{"href":"https:\/\/www.abchukuk.com\/index.php\/wp-json\/wp\/v2\/posts"}],"about":[{"href":"https:\/\/www.abchukuk.com\/index.php\/wp-json\/wp\/v2\/types\/post"}],"author":[{"embeddable":true,"href":"https:\/\/www.abchukuk.com\/index.php\/wp-json\/wp\/v2\/users\/1"}],"replies":[{"embeddable":true,"href":"https:\/\/www.abchukuk.com\/index.php\/wp-json\/wp\/v2\/comments?post=9359"}],"version-history":[{"count":0,"href":"https:\/\/www.abchukuk.com\/index.php\/wp-json\/wp\/v2\/posts\/9359\/revisions"}],"wp:featuredmedia":[{"embeddable":true,"href":"https:\/\/www.abchukuk.com\/index.php\/wp-json\/wp\/v2\/media\/9360"}],"wp:attachment":[{"href":"https:\/\/www.abchukuk.com\/index.php\/wp-json\/wp\/v2\/media?parent=9359"}],"wp:term":[{"taxonomy":"category","embeddable":true,"href":"https:\/\/www.abchukuk.com\/index.php\/wp-json\/wp\/v2\/categories?post=9359"},{"taxonomy":"post_tag","embeddable":true,"href":"https:\/\/www.abchukuk.com\/index.php\/wp-json\/wp\/v2\/tags?post=9359"}],"curies":[{"name":"wp","href":"https:\/\/api.w.org\/{rel}","templated":true}]}}