{"id":9354,"date":"2025-10-26T11:40:25","date_gmt":"2025-10-26T11:40:25","guid":{"rendered":"https:\/\/www.abchukuk.com\/index.php\/2025\/10\/26\/louvre-soygunuyla-ilgili-2-kisi-gozaltina-alindi-suphelilerden-biri-ucaga-binerken-yakalandi\/"},"modified":"2025-10-26T11:40:25","modified_gmt":"2025-10-26T11:40:25","slug":"louvre-soygunuyla-ilgili-2-kisi-gozaltina-alindi-suphelilerden-biri-ucaga-binerken-yakalandi","status":"publish","type":"post","link":"https:\/\/www.abchukuk.com\/index.php\/2025\/10\/26\/louvre-soygunuyla-ilgili-2-kisi-gozaltina-alindi-suphelilerden-biri-ucaga-binerken-yakalandi\/","title":{"rendered":"Louvre soygunuyla ilgili 2 ki\u015fi g\u00f6zalt\u0131na al\u0131nd\u0131: \u015e\u00fcphelilerden biri u\u00e7a\u011fa binerken yakaland\u0131"},"content":{"rendered":"<p>Frans\u0131z medyas\u0131, Paris&#8217;teki Louvre M\u00fczesi&#8217;nden de\u011ferli kraliyet m\u00fccevherlerinin \u00e7al\u0131nmas\u0131yla ilgili iki \u015f\u00fcphelinin tutukland\u0131\u011f\u0131n\u0131 duyurdu. \u015e\u00fcphelilerden biri u\u00e7a\u011fa binerken yakaland\u0131.Frans\u0131z medyas\u0131, Paris&#8217;teki Louvre M\u00fczesi&#8217;nden de\u011ferli kraliyet m\u00fccevherlerinin \u00e7al\u0131nmas\u0131yla ilgili iki \u015f\u00fcphelinin tutukland\u0131\u011f\u0131n\u0131 duyurdu. \u015e\u00fcphelilerden biri u\u00e7a\u011fa binerken yakaland\u0131.\u00a0<a href=\"https:\/\/anlatilaninotesi.com.tr\/20251026\/louvre-soygunuyla-ilgili-2-kisi-gozaltina-alindi-suphelilerden-biri-ucaga-binerken-yakalandi-1100485012.html\" target=\"_blank\" class=\"feedzy-rss-link-icon\">Read More<\/a><\/p>","protected":false},"excerpt":{"rendered":"<p>Frans\u0131z medyas\u0131, Paris&#8217;teki Louvre M\u00fczesi&#8217;nden de\u011ferli kraliyet m\u00fccevherlerinin \u00e7al\u0131nmas\u0131yla ilgili iki \u015f\u00fcphelinin tutukland\u0131\u011f\u0131n\u0131 duyurdu. \u015e\u00fcphelilerden biri u\u00e7a\u011fa binerken yakaland\u0131.Frans\u0131z medyas\u0131, Paris&#8217;teki Louvre M\u00fczesi&#8217;nden de\u011ferli kraliyet m\u00fccevherlerinin \u00e7al\u0131nmas\u0131yla ilgili iki \u015f\u00fcphelinin tutukland\u0131\u011f\u0131n\u0131 duyurdu. \u015e\u00fcphelilerden biri u\u00e7a\u011fa binerken yakaland\u0131.\u00a0Read More<\/p>\n","protected":false},"author":1,"featured_media":0,"comment_status":"open","ping_status":"open","sticky":false,"template":"","format":"standard","meta":{"footnotes":"","_links_to":"","_links_to_target":""},"categories":[1],"tags":[],"class_list":["post-9354","post","type-post","status-publish","format-standard","hentry","category-haberler"],"_links":{"self":[{"href":"https:\/\/www.abchukuk.com\/index.php\/wp-json\/wp\/v2\/posts\/9354","targetHints":{"allow":["GET"]}}],"collection":[{"href":"https:\/\/www.abchukuk.com\/index.php\/wp-json\/wp\/v2\/posts"}],"about":[{"href":"https:\/\/www.abchukuk.com\/index.php\/wp-json\/wp\/v2\/types\/post"}],"author":[{"embeddable":true,"href":"https:\/\/www.abchukuk.com\/index.php\/wp-json\/wp\/v2\/users\/1"}],"replies":[{"embeddable":true,"href":"https:\/\/www.abchukuk.com\/index.php\/wp-json\/wp\/v2\/comments?post=9354"}],"version-history":[{"count":0,"href":"https:\/\/www.abchukuk.com\/index.php\/wp-json\/wp\/v2\/posts\/9354\/revisions"}],"wp:attachment":[{"href":"https:\/\/www.abchukuk.com\/index.php\/wp-json\/wp\/v2\/media?parent=9354"}],"wp:term":[{"taxonomy":"category","embeddable":true,"href":"https:\/\/www.abchukuk.com\/index.php\/wp-json\/wp\/v2\/categories?post=9354"},{"taxonomy":"post_tag","embeddable":true,"href":"https:\/\/www.abchukuk.com\/index.php\/wp-json\/wp\/v2\/tags?post=9354"}],"curies":[{"name":"wp","href":"https:\/\/api.w.org\/{rel}","templated":true}]}}