{"id":9345,"date":"2025-10-26T09:42:00","date_gmt":"2025-10-26T09:42:00","guid":{"rendered":"https:\/\/www.abchukuk.com\/index.php\/2025\/10\/26\/imamoglu-casusluk-sorusturmasi-kapsaminda-ifade-vermek-uzere-adliyede\/"},"modified":"2025-10-26T09:42:00","modified_gmt":"2025-10-26T09:42:00","slug":"imamoglu-casusluk-sorusturmasi-kapsaminda-ifade-vermek-uzere-adliyede","status":"publish","type":"post","link":"https:\/\/www.abchukuk.com\/index.php\/2025\/10\/26\/imamoglu-casusluk-sorusturmasi-kapsaminda-ifade-vermek-uzere-adliyede\/","title":{"rendered":"\u0130mamo\u011flu &#8216;casusluk&#8217; soru\u015fturmas\u0131 kapsam\u0131nda ifade vermek \u00fczere adliyede"},"content":{"rendered":"<p>\u0130stanbul B\u00fcy\u00fck\u015fehir Belediye Ba\u015fkan\u0131 Ekrem \u0130mamo\u011flu, hakk\u0131nda y\u00fcr\u00fct\u00fclen casusluk iddialar\u0131na ili\u015fkin soru\u015fturma kapsam\u0131nda ifade vermek \u00fczere \u0130stanbul Adalet Saray\u0131&#8217;na geldi. \u00c7a\u011flayan&#8217;daki adliye \u00e7evresinde yo\u011fun g\u00fcvenlik \u00f6nlemleri al\u0131n\u0131rken, \u00e7ok say\u0131da polis ekibi de g\u00f6revlendirildi. CHP Genel Ba\u015fkan\u0131 \u00d6zg\u00fcr \u00d6zel, Dilek \u0130mamo\u011flu ve bir\u00e7ok partili de \u0130mamo\u011flu&#8217;na destek i\u00e7in adliyeye geldi.\u0130stanbul B\u00fcy\u00fck\u015fehir Belediye Ba\u015fkan\u0131 Ekrem \u0130mamo\u011flu, hakk\u0131nda y\u00fcr\u00fct\u00fclen casusluk iddialar\u0131na ili\u015fkin soru\u015fturma kapsam\u0131nda ifade vermek \u00fczere \u0130stanbul Adalet Saray\u0131&#8217;na geldi. \u00c7a\u011flayan&#8217;daki adliye \u00e7evresinde yo\u011fun g\u00fcvenlik \u00f6nlemleri al\u0131n\u0131rken, \u00e7ok say\u0131da polis ekibi de g\u00f6revlendirildi. CHP Genel Ba\u015fkan\u0131 \u00d6zg\u00fcr \u00d6zel, Dilek \u0130mamo\u011flu ve bir\u00e7ok partili de \u0130mamo\u011flu&#8217;na destek i\u00e7in adliyeye geldi.\u00a0<a href=\"https:\/\/www.dunya.com\/gundem\/imamoglu-casusluk-sorusturmasi-kapsaminda-ifade-vermek-uzere-adliyede-haberi-800218\" target=\"_blank\" class=\"feedzy-rss-link-icon\">Read More<\/a><\/p>","protected":false},"excerpt":{"rendered":"<p>\u0130stanbul B\u00fcy\u00fck\u015fehir Belediye Ba\u015fkan\u0131 Ekrem \u0130mamo\u011flu, hakk\u0131nda y\u00fcr\u00fct\u00fclen casusluk iddialar\u0131na ili\u015fkin soru\u015fturma kapsam\u0131nda ifade vermek \u00fczere \u0130stanbul Adalet Saray\u0131&#8217;na geldi. \u00c7a\u011flayan&#8217;daki adliye \u00e7evresinde yo\u011fun g\u00fcvenlik \u00f6nlemleri al\u0131n\u0131rken, \u00e7ok say\u0131da polis ekibi de g\u00f6revlendirildi. CHP Genel Ba\u015fkan\u0131 \u00d6zg\u00fcr \u00d6zel, Dilek \u0130mamo\u011flu ve bir\u00e7ok partili de \u0130mamo\u011flu&#8217;na destek i\u00e7in adliyeye geldi.\u0130stanbul B\u00fcy\u00fck\u015fehir Belediye Ba\u015fkan\u0131 Ekrem \u0130mamo\u011flu, hakk\u0131nda [&hellip;]<\/p>\n","protected":false},"author":1,"featured_media":9346,"comment_status":"open","ping_status":"open","sticky":false,"template":"","format":"standard","meta":{"footnotes":"","_links_to":"","_links_to_target":""},"categories":[1],"tags":[],"class_list":["post-9345","post","type-post","status-publish","format-standard","has-post-thumbnail","hentry","category-haberler"],"_links":{"self":[{"href":"https:\/\/www.abchukuk.com\/index.php\/wp-json\/wp\/v2\/posts\/9345","targetHints":{"allow":["GET"]}}],"collection":[{"href":"https:\/\/www.abchukuk.com\/index.php\/wp-json\/wp\/v2\/posts"}],"about":[{"href":"https:\/\/www.abchukuk.com\/index.php\/wp-json\/wp\/v2\/types\/post"}],"author":[{"embeddable":true,"href":"https:\/\/www.abchukuk.com\/index.php\/wp-json\/wp\/v2\/users\/1"}],"replies":[{"embeddable":true,"href":"https:\/\/www.abchukuk.com\/index.php\/wp-json\/wp\/v2\/comments?post=9345"}],"version-history":[{"count":0,"href":"https:\/\/www.abchukuk.com\/index.php\/wp-json\/wp\/v2\/posts\/9345\/revisions"}],"wp:featuredmedia":[{"embeddable":true,"href":"https:\/\/www.abchukuk.com\/index.php\/wp-json\/wp\/v2\/media\/9346"}],"wp:attachment":[{"href":"https:\/\/www.abchukuk.com\/index.php\/wp-json\/wp\/v2\/media?parent=9345"}],"wp:term":[{"taxonomy":"category","embeddable":true,"href":"https:\/\/www.abchukuk.com\/index.php\/wp-json\/wp\/v2\/categories?post=9345"},{"taxonomy":"post_tag","embeddable":true,"href":"https:\/\/www.abchukuk.com\/index.php\/wp-json\/wp\/v2\/tags?post=9345"}],"curies":[{"name":"wp","href":"https:\/\/api.w.org\/{rel}","templated":true}]}}