{"id":9344,"date":"2025-10-23T12:26:04","date_gmt":"2025-10-23T12:26:04","guid":{"rendered":"https:\/\/www.abchukuk.com\/index.php\/2025\/10\/23\/bbc-turkcenin-arastirmasinda-suriyeli-kadinlara-cinsel-istismarla-suclanan-sadettin-karagoz-tutuklandi\/"},"modified":"2025-10-23T12:26:04","modified_gmt":"2025-10-23T12:26:04","slug":"bbc-turkcenin-arastirmasinda-suriyeli-kadinlara-cinsel-istismarla-suclanan-sadettin-karagoz-tutuklandi","status":"publish","type":"post","link":"https:\/\/www.abchukuk.com\/index.php\/2025\/10\/23\/bbc-turkcenin-arastirmasinda-suriyeli-kadinlara-cinsel-istismarla-suclanan-sadettin-karagoz-tutuklandi\/","title":{"rendered":"BBC T\u00fcrk\u00e7e&#8217;nin ara\u015ft\u0131rmas\u0131nda Suriyeli kad\u0131nlara cinsel istismarla su\u00e7lanan Sadettin Karag\u00f6z tutukland\u0131"},"content":{"rendered":"<p>Suriyeli kad\u0131nlara yard\u0131m kar\u015f\u0131l\u0131\u011f\u0131nda cinsel istismarda bulunmakla su\u00e7lanan yard\u0131m ma\u011fazas\u0131 sahibi Sadettin Karag\u00f6z, Ankara Cumhuriyet Ba\u015fsavc\u0131l\u0131\u011f\u0131 taraf\u0131ndan ba\u015flat\u0131lan soru\u015fturma kapsam\u0131nda tutukland\u0131.Suriyeli kad\u0131nlara yard\u0131m kar\u015f\u0131l\u0131\u011f\u0131nda cinsel istismarda bulunmakla su\u00e7lanan yard\u0131m ma\u011fazas\u0131 sahibi Sadettin Karag\u00f6z, Ankara Cumhuriyet Ba\u015fsavc\u0131l\u0131\u011f\u0131 taraf\u0131ndan ba\u015flat\u0131lan soru\u015fturma kapsam\u0131nda tutukland\u0131.\u00a0<a href=\"https:\/\/www.bbc.com\/turkce\/articles\/cx2n7jz5dn2o?at_medium=RSS&amp;at_campaign=rss\" target=\"_blank\" class=\"feedzy-rss-link-icon\">Read More<\/a><\/p>","protected":false},"excerpt":{"rendered":"<p>Suriyeli kad\u0131nlara yard\u0131m kar\u015f\u0131l\u0131\u011f\u0131nda cinsel istismarda bulunmakla su\u00e7lanan yard\u0131m ma\u011fazas\u0131 sahibi Sadettin Karag\u00f6z, Ankara Cumhuriyet Ba\u015fsavc\u0131l\u0131\u011f\u0131 taraf\u0131ndan ba\u015flat\u0131lan soru\u015fturma kapsam\u0131nda tutukland\u0131.Suriyeli kad\u0131nlara yard\u0131m kar\u015f\u0131l\u0131\u011f\u0131nda cinsel istismarda bulunmakla su\u00e7lanan yard\u0131m ma\u011fazas\u0131 sahibi Sadettin Karag\u00f6z, Ankara Cumhuriyet Ba\u015fsavc\u0131l\u0131\u011f\u0131 taraf\u0131ndan ba\u015flat\u0131lan soru\u015fturma kapsam\u0131nda tutukland\u0131.\u00a0Read More<\/p>\n","protected":false},"author":1,"featured_media":9089,"comment_status":"open","ping_status":"open","sticky":false,"template":"","format":"standard","meta":{"footnotes":"","_links_to":"","_links_to_target":""},"categories":[1],"tags":[],"class_list":["post-9344","post","type-post","status-publish","format-standard","has-post-thumbnail","hentry","category-haberler"],"_links":{"self":[{"href":"https:\/\/www.abchukuk.com\/index.php\/wp-json\/wp\/v2\/posts\/9344","targetHints":{"allow":["GET"]}}],"collection":[{"href":"https:\/\/www.abchukuk.com\/index.php\/wp-json\/wp\/v2\/posts"}],"about":[{"href":"https:\/\/www.abchukuk.com\/index.php\/wp-json\/wp\/v2\/types\/post"}],"author":[{"embeddable":true,"href":"https:\/\/www.abchukuk.com\/index.php\/wp-json\/wp\/v2\/users\/1"}],"replies":[{"embeddable":true,"href":"https:\/\/www.abchukuk.com\/index.php\/wp-json\/wp\/v2\/comments?post=9344"}],"version-history":[{"count":0,"href":"https:\/\/www.abchukuk.com\/index.php\/wp-json\/wp\/v2\/posts\/9344\/revisions"}],"wp:featuredmedia":[{"embeddable":true,"href":"https:\/\/www.abchukuk.com\/index.php\/wp-json\/wp\/v2\/media\/9089"}],"wp:attachment":[{"href":"https:\/\/www.abchukuk.com\/index.php\/wp-json\/wp\/v2\/media?parent=9344"}],"wp:term":[{"taxonomy":"category","embeddable":true,"href":"https:\/\/www.abchukuk.com\/index.php\/wp-json\/wp\/v2\/categories?post=9344"},{"taxonomy":"post_tag","embeddable":true,"href":"https:\/\/www.abchukuk.com\/index.php\/wp-json\/wp\/v2\/tags?post=9344"}],"curies":[{"name":"wp","href":"https:\/\/api.w.org\/{rel}","templated":true}]}}