{"id":9251,"date":"2025-10-24T13:12:00","date_gmt":"2025-10-24T13:12:00","guid":{"rendered":"https:\/\/www.abchukuk.com\/index.php\/2025\/10\/24\/chpnin-hukukcu-kurmaylari-dava-sonuclarinin-istanbula-etkisini-yorumladi-tedbir-karari-kaldirilmali\/"},"modified":"2025-10-24T13:12:00","modified_gmt":"2025-10-24T13:12:00","slug":"chpnin-hukukcu-kurmaylari-dava-sonuclarinin-istanbula-etkisini-yorumladi-tedbir-karari-kaldirilmali","status":"publish","type":"post","link":"https:\/\/www.abchukuk.com\/index.php\/2025\/10\/24\/chpnin-hukukcu-kurmaylari-dava-sonuclarinin-istanbula-etkisini-yorumladi-tedbir-karari-kaldirilmali\/","title":{"rendered":"CHP\u2019nin hukuk\u00e7u kurmaylar\u0131 dava sonu\u00e7lar\u0131n\u0131n \u0130stanbul\u2019a etkisini yorumlad\u0131: \u2018Tedbir karar\u0131 kald\u0131r\u0131lmal\u0131\u2019"},"content":{"rendered":"<p>CHP Genel Ba\u015fkan Yard\u0131mc\u0131s\u0131 G\u00fcl \u00c7iftci, partisinin 38. Ola\u011fan Kurultay\u0131\u2019yla ilgili davadan ret karar\u0131 \u00e7\u0131kmas\u0131n\u0131n \u0130stanbul il kongresine etkisine ili\u015fkin \u201c38\u2019inci Ola\u011fan Kurultay\u0131m\u0131z\u0131n \u00fczerindeki \u2018\u015faibe\u2019 iddias\u0131 yok h\u00fckm\u00fcndedir. 38\u2019inci Ola\u011fan Kurultay\u0131m\u0131za giden s\u00fcre\u00e7te il kongresini ger\u00e7ekle\u015ftirilen \u0130stanbul\u2019da da durum ayn\u0131d\u0131r. \u0130stanbul\u2019da ge\u00e7mi\u015fi belli olan bir hakim taraf\u0131ndan verilen tedbir karar\u0131 derhal kald\u0131r\u0131lmal\u0131d\u0131r\u201d dedi.CHP Genel Ba\u015fkan Yard\u0131mc\u0131s\u0131 G\u00fcl \u00c7iftci, partisinin 38. Ola\u011fan Kurultay\u0131\u2019yla ilgili davadan ret karar\u0131 \u00e7\u0131kmas\u0131n\u0131n \u0130stanbul il kongresine etkisine ili\u015fkin \u201c38\u2019inci Ola\u011fan Kurultay\u0131m\u0131z\u0131n \u00fczerindeki \u2018\u015faibe\u2019 iddias\u0131 yok h\u00fckm\u00fcndedir. 38\u2019inci Ola\u011fan Kurultay\u0131m\u0131za giden s\u00fcre\u00e7te il kongresini ger\u00e7ekle\u015ftirilen \u0130stanbul\u2019da da durum ayn\u0131d\u0131r. \u0130stanbul\u2019da ge\u00e7mi\u015fi belli olan bir hakim taraf\u0131ndan verilen tedbir karar\u0131 derhal kald\u0131r\u0131lmal\u0131d\u0131r\u201d dedi.\u00a0<a href=\"https:\/\/www.cumhuriyet.com.tr\/siyaset\/chp-nin-hukukcu-kurmaylari-dava-sonuclarinin-istanbul-a-etkisini-yorumladi-tedbir-karari-kaldirilmali-2446594\" target=\"_blank\" class=\"feedzy-rss-link-icon\">Read More<\/a><\/p>","protected":false},"excerpt":{"rendered":"<p>CHP Genel Ba\u015fkan Yard\u0131mc\u0131s\u0131 G\u00fcl \u00c7iftci, partisinin 38. Ola\u011fan Kurultay\u0131\u2019yla ilgili davadan ret karar\u0131 \u00e7\u0131kmas\u0131n\u0131n \u0130stanbul il kongresine etkisine ili\u015fkin \u201c38\u2019inci Ola\u011fan Kurultay\u0131m\u0131z\u0131n \u00fczerindeki \u2018\u015faibe\u2019 iddias\u0131 yok h\u00fckm\u00fcndedir. 38\u2019inci Ola\u011fan Kurultay\u0131m\u0131za giden s\u00fcre\u00e7te il kongresini ger\u00e7ekle\u015ftirilen \u0130stanbul\u2019da da durum ayn\u0131d\u0131r. \u0130stanbul\u2019da ge\u00e7mi\u015fi belli olan bir hakim taraf\u0131ndan verilen tedbir karar\u0131 derhal kald\u0131r\u0131lmal\u0131d\u0131r\u201d dedi.CHP Genel Ba\u015fkan [&hellip;]<\/p>\n","protected":false},"author":1,"featured_media":9252,"comment_status":"open","ping_status":"open","sticky":false,"template":"","format":"standard","meta":{"footnotes":"","_links_to":"","_links_to_target":""},"categories":[1],"tags":[],"class_list":["post-9251","post","type-post","status-publish","format-standard","has-post-thumbnail","hentry","category-haberler"],"_links":{"self":[{"href":"https:\/\/www.abchukuk.com\/index.php\/wp-json\/wp\/v2\/posts\/9251","targetHints":{"allow":["GET"]}}],"collection":[{"href":"https:\/\/www.abchukuk.com\/index.php\/wp-json\/wp\/v2\/posts"}],"about":[{"href":"https:\/\/www.abchukuk.com\/index.php\/wp-json\/wp\/v2\/types\/post"}],"author":[{"embeddable":true,"href":"https:\/\/www.abchukuk.com\/index.php\/wp-json\/wp\/v2\/users\/1"}],"replies":[{"embeddable":true,"href":"https:\/\/www.abchukuk.com\/index.php\/wp-json\/wp\/v2\/comments?post=9251"}],"version-history":[{"count":0,"href":"https:\/\/www.abchukuk.com\/index.php\/wp-json\/wp\/v2\/posts\/9251\/revisions"}],"wp:featuredmedia":[{"embeddable":true,"href":"https:\/\/www.abchukuk.com\/index.php\/wp-json\/wp\/v2\/media\/9252"}],"wp:attachment":[{"href":"https:\/\/www.abchukuk.com\/index.php\/wp-json\/wp\/v2\/media?parent=9251"}],"wp:term":[{"taxonomy":"category","embeddable":true,"href":"https:\/\/www.abchukuk.com\/index.php\/wp-json\/wp\/v2\/categories?post=9251"},{"taxonomy":"post_tag","embeddable":true,"href":"https:\/\/www.abchukuk.com\/index.php\/wp-json\/wp\/v2\/tags?post=9251"}],"curies":[{"name":"wp","href":"https:\/\/api.w.org\/{rel}","templated":true}]}}