{"id":9182,"date":"2025-10-24T07:04:00","date_gmt":"2025-10-24T07:04:00","guid":{"rendered":"https:\/\/www.abchukuk.com\/index.php\/2025\/10\/24\/chpde-kurultay-davasi-basladi-mahkeme-karari-bekleniyor\/"},"modified":"2025-10-24T07:04:00","modified_gmt":"2025-10-24T07:04:00","slug":"chpde-kurultay-davasi-basladi-mahkeme-karari-bekleniyor","status":"publish","type":"post","link":"https:\/\/www.abchukuk.com\/index.php\/2025\/10\/24\/chpde-kurultay-davasi-basladi-mahkeme-karari-bekleniyor\/","title":{"rendered":"CHP\u2019de Kurultay Davas\u0131 Ba\u015flad\u0131: Mahkeme Karar\u0131 Bekleniyor"},"content":{"rendered":"<p><a href=\"https:\/\/www.gercekgundem.com\/guncel\/chpde-kurultay-davasi-basladi-560830\"><br \/>\n                                                            <img decoding=\"async\" src=\"https:\/\/i.gercekgundem.com\/2\/150\/84\/storage\/files\/images\/2025\/10\/24\/chpde-kurultay-davasi-basladi-4ymk.jpg\" width=\"150\" height=\"84\" border=\"0\" align=\"right\" \/><br \/>\n                                                    <\/a><\/p>\n<h4>CHP\u2019nin 39. Ola\u011fan Kurultay\u0131yla ilgili dava bug\u00fcn Ankara 42. Asliye Hukuk Mahkemesi\u2019nde ba\u015flad\u0131.<\/h4>\n<p>CHP\u2019nin 39. Ola\u011fan Kurultay\u0131yla ilgili dava bug\u00fcn Ankara 42. Asliye Hukuk Mahkemesi\u2019nde ba\u015flad\u0131.\u00a0<a href=\"https:\/\/www.gercekgundem.com\/guncel\/chpde-kurultay-davasi-basladi-560830\" target=\"_blank\" class=\"feedzy-rss-link-icon\">Read More<\/a><\/p>","protected":false},"excerpt":{"rendered":"<p>CHP\u2019nin 39. Ola\u011fan Kurultay\u0131yla ilgili dava bug\u00fcn Ankara 42. Asliye Hukuk Mahkemesi\u2019nde ba\u015flad\u0131. CHP\u2019nin 39. Ola\u011fan Kurultay\u0131yla ilgili dava bug\u00fcn Ankara 42. Asliye Hukuk Mahkemesi\u2019nde ba\u015flad\u0131.\u00a0Read More<\/p>\n","protected":false},"author":1,"featured_media":9183,"comment_status":"open","ping_status":"open","sticky":false,"template":"","format":"standard","meta":{"footnotes":"","_links_to":"","_links_to_target":""},"categories":[1],"tags":[],"class_list":["post-9182","post","type-post","status-publish","format-standard","has-post-thumbnail","hentry","category-haberler"],"_links":{"self":[{"href":"https:\/\/www.abchukuk.com\/index.php\/wp-json\/wp\/v2\/posts\/9182","targetHints":{"allow":["GET"]}}],"collection":[{"href":"https:\/\/www.abchukuk.com\/index.php\/wp-json\/wp\/v2\/posts"}],"about":[{"href":"https:\/\/www.abchukuk.com\/index.php\/wp-json\/wp\/v2\/types\/post"}],"author":[{"embeddable":true,"href":"https:\/\/www.abchukuk.com\/index.php\/wp-json\/wp\/v2\/users\/1"}],"replies":[{"embeddable":true,"href":"https:\/\/www.abchukuk.com\/index.php\/wp-json\/wp\/v2\/comments?post=9182"}],"version-history":[{"count":0,"href":"https:\/\/www.abchukuk.com\/index.php\/wp-json\/wp\/v2\/posts\/9182\/revisions"}],"wp:featuredmedia":[{"embeddable":true,"href":"https:\/\/www.abchukuk.com\/index.php\/wp-json\/wp\/v2\/media\/9183"}],"wp:attachment":[{"href":"https:\/\/www.abchukuk.com\/index.php\/wp-json\/wp\/v2\/media?parent=9182"}],"wp:term":[{"taxonomy":"category","embeddable":true,"href":"https:\/\/www.abchukuk.com\/index.php\/wp-json\/wp\/v2\/categories?post=9182"},{"taxonomy":"post_tag","embeddable":true,"href":"https:\/\/www.abchukuk.com\/index.php\/wp-json\/wp\/v2\/tags?post=9182"}],"curies":[{"name":"wp","href":"https:\/\/api.w.org\/{rel}","templated":true}]}}