{"id":9137,"date":"2025-10-23T21:06:46","date_gmt":"2025-10-23T21:06:46","guid":{"rendered":"https:\/\/www.abchukuk.com\/index.php\/2025\/10\/23\/sarkozye-cezaevinde-hakaret-ve-tehdit-uc-mahkum-ozel-denetim-altinda\/"},"modified":"2025-10-23T21:06:46","modified_gmt":"2025-10-23T21:06:46","slug":"sarkozye-cezaevinde-hakaret-ve-tehdit-uc-mahkum-ozel-denetim-altinda","status":"publish","type":"post","link":"https:\/\/www.abchukuk.com\/index.php\/2025\/10\/23\/sarkozye-cezaevinde-hakaret-ve-tehdit-uc-mahkum-ozel-denetim-altinda\/","title":{"rendered":"Sarkozy&#8217;e cezaevinde hakaret ve tehdit: \u00dc\u00e7 mahkum \u00f6zel denetim alt\u0131nda"},"content":{"rendered":"<p>Paris\u2019teki La Sant\u00e9 Cezaevinde, Fransa&#8217;n\u0131n eski Cumhurba\u015fkan\u0131 Nicolas Sarkozy\u2019ye ba\u011f\u0131r\u0131p tehdit eden \u00fc\u00e7 mahkum, cezaevi y\u00f6netimi taraf\u0131ndan di\u011fer mahkumlardan ayr\u0131ld\u0131 ve \u00f6zel bir denetim alt\u0131na al\u0131nd\u0131.Paris\u2019teki La Sant\u00e9 Cezaevinde, Fransa&#8217;n\u0131n eski Cumhurba\u015fkan\u0131 Nicolas Sarkozy\u2019ye ba\u011f\u0131r\u0131p tehdit eden \u00fc\u00e7 mahkum, cezaevi y\u00f6netimi taraf\u0131ndan di\u011fer mahkumlardan ayr\u0131ld\u0131 ve \u00f6zel bir denetim alt\u0131na al\u0131nd\u0131.\u00a0<a href=\"http:\/\/tr.euronews.com\/2025\/10\/23\/sarkozye-cezaevinde-hakaret-ve-tehdit-uc-mahkum-ozel-denetim-altinda\" target=\"_blank\" class=\"feedzy-rss-link-icon\">Read More<\/a><\/p>","protected":false},"excerpt":{"rendered":"<p>Paris\u2019teki La Sant\u00e9 Cezaevinde, Fransa&#8217;n\u0131n eski Cumhurba\u015fkan\u0131 Nicolas Sarkozy\u2019ye ba\u011f\u0131r\u0131p tehdit eden \u00fc\u00e7 mahkum, cezaevi y\u00f6netimi taraf\u0131ndan di\u011fer mahkumlardan ayr\u0131ld\u0131 ve \u00f6zel bir denetim alt\u0131na al\u0131nd\u0131.Paris\u2019teki La Sant\u00e9 Cezaevinde, Fransa&#8217;n\u0131n eski Cumhurba\u015fkan\u0131 Nicolas Sarkozy\u2019ye ba\u011f\u0131r\u0131p tehdit eden \u00fc\u00e7 mahkum, cezaevi y\u00f6netimi taraf\u0131ndan di\u011fer mahkumlardan ayr\u0131ld\u0131 ve \u00f6zel bir denetim alt\u0131na al\u0131nd\u0131.\u00a0Read More<\/p>\n","protected":false},"author":1,"featured_media":0,"comment_status":"open","ping_status":"open","sticky":false,"template":"","format":"standard","meta":{"footnotes":"","_links_to":"","_links_to_target":""},"categories":[1],"tags":[],"class_list":["post-9137","post","type-post","status-publish","format-standard","hentry","category-haberler"],"_links":{"self":[{"href":"https:\/\/www.abchukuk.com\/index.php\/wp-json\/wp\/v2\/posts\/9137","targetHints":{"allow":["GET"]}}],"collection":[{"href":"https:\/\/www.abchukuk.com\/index.php\/wp-json\/wp\/v2\/posts"}],"about":[{"href":"https:\/\/www.abchukuk.com\/index.php\/wp-json\/wp\/v2\/types\/post"}],"author":[{"embeddable":true,"href":"https:\/\/www.abchukuk.com\/index.php\/wp-json\/wp\/v2\/users\/1"}],"replies":[{"embeddable":true,"href":"https:\/\/www.abchukuk.com\/index.php\/wp-json\/wp\/v2\/comments?post=9137"}],"version-history":[{"count":0,"href":"https:\/\/www.abchukuk.com\/index.php\/wp-json\/wp\/v2\/posts\/9137\/revisions"}],"wp:attachment":[{"href":"https:\/\/www.abchukuk.com\/index.php\/wp-json\/wp\/v2\/media?parent=9137"}],"wp:term":[{"taxonomy":"category","embeddable":true,"href":"https:\/\/www.abchukuk.com\/index.php\/wp-json\/wp\/v2\/categories?post=9137"},{"taxonomy":"post_tag","embeddable":true,"href":"https:\/\/www.abchukuk.com\/index.php\/wp-json\/wp\/v2\/tags?post=9137"}],"curies":[{"name":"wp","href":"https:\/\/api.w.org\/{rel}","templated":true}]}}