{"id":9104,"date":"2025-10-23T14:00:00","date_gmt":"2025-10-23T14:00:00","guid":{"rendered":"https:\/\/www.abchukuk.com\/index.php\/2025\/10\/23\/yargitaydan-emsal-karar-is-arkadasinin-gizlice-fotografini-cekti-agir-ceza-aldi\/"},"modified":"2025-10-23T14:00:00","modified_gmt":"2025-10-23T14:00:00","slug":"yargitaydan-emsal-karar-is-arkadasinin-gizlice-fotografini-cekti-agir-ceza-aldi","status":"publish","type":"post","link":"https:\/\/www.abchukuk.com\/index.php\/2025\/10\/23\/yargitaydan-emsal-karar-is-arkadasinin-gizlice-fotografini-cekti-agir-ceza-aldi\/","title":{"rendered":"Yarg\u0131tay&#8217;dan emsal karar: \u0130\u015f arkada\u015f\u0131n\u0131n gizlice foto\u011fraf\u0131n\u0131 \u00e7ekti a\u011f\u0131r ceza ald\u0131"},"content":{"rendered":"<p>Yarg\u0131tay 12. Ceza Dairesi, gizlice i\u015f arkada\u015flar\u0131n\u0131n foto\u011fraflar\u0131n\u0131 \u00e7eken ve bilgisayarlar\u0131ndaki foto\u011fraflar\u0131n\u0131 kopyalayan ki\u015fiye &#8220;\u00f6zel hayat\u0131n gizlili\u011fini ihlal&#8221; su\u00e7lar\u0131ndan verilen toplam 12 y\u0131l hapis cezas\u0131n\u0131 onad\u0131.Yarg\u0131tay 12. Ceza Dairesi, gizlice i\u015f arkada\u015flar\u0131n\u0131n foto\u011fraflar\u0131n\u0131 \u00e7eken ve bilgisayarlar\u0131ndaki foto\u011fraflar\u0131n\u0131 kopyalayan ki\u015fiye &#8220;\u00f6zel hayat\u0131n gizlili\u011fini ihlal&#8221; su\u00e7lar\u0131ndan verilen toplam 12 y\u0131l hapis cezas\u0131n\u0131 onad\u0131.\u00a0<a href=\"https:\/\/www.cumhuriyet.com.tr\/turkiye\/yargitay-dan-emsal-karar-is-arkadasinin-gizlice-fotografini-cekti-agir-ceza-aldi-2446323\" target=\"_blank\" class=\"feedzy-rss-link-icon\">Read More<\/a><\/p>","protected":false},"excerpt":{"rendered":"<p>Yarg\u0131tay 12. Ceza Dairesi, gizlice i\u015f arkada\u015flar\u0131n\u0131n foto\u011fraflar\u0131n\u0131 \u00e7eken ve bilgisayarlar\u0131ndaki foto\u011fraflar\u0131n\u0131 kopyalayan ki\u015fiye &#8220;\u00f6zel hayat\u0131n gizlili\u011fini ihlal&#8221; su\u00e7lar\u0131ndan verilen toplam 12 y\u0131l hapis cezas\u0131n\u0131 onad\u0131.Yarg\u0131tay 12. Ceza Dairesi, gizlice i\u015f arkada\u015flar\u0131n\u0131n foto\u011fraflar\u0131n\u0131 \u00e7eken ve bilgisayarlar\u0131ndaki foto\u011fraflar\u0131n\u0131 kopyalayan ki\u015fiye &#8220;\u00f6zel hayat\u0131n gizlili\u011fini ihlal&#8221; su\u00e7lar\u0131ndan verilen toplam 12 y\u0131l hapis cezas\u0131n\u0131 onad\u0131.\u00a0Read More<\/p>\n","protected":false},"author":1,"featured_media":9105,"comment_status":"open","ping_status":"open","sticky":false,"template":"","format":"standard","meta":{"footnotes":"","_links_to":"","_links_to_target":""},"categories":[1],"tags":[],"class_list":["post-9104","post","type-post","status-publish","format-standard","has-post-thumbnail","hentry","category-haberler"],"_links":{"self":[{"href":"https:\/\/www.abchukuk.com\/index.php\/wp-json\/wp\/v2\/posts\/9104","targetHints":{"allow":["GET"]}}],"collection":[{"href":"https:\/\/www.abchukuk.com\/index.php\/wp-json\/wp\/v2\/posts"}],"about":[{"href":"https:\/\/www.abchukuk.com\/index.php\/wp-json\/wp\/v2\/types\/post"}],"author":[{"embeddable":true,"href":"https:\/\/www.abchukuk.com\/index.php\/wp-json\/wp\/v2\/users\/1"}],"replies":[{"embeddable":true,"href":"https:\/\/www.abchukuk.com\/index.php\/wp-json\/wp\/v2\/comments?post=9104"}],"version-history":[{"count":0,"href":"https:\/\/www.abchukuk.com\/index.php\/wp-json\/wp\/v2\/posts\/9104\/revisions"}],"wp:featuredmedia":[{"embeddable":true,"href":"https:\/\/www.abchukuk.com\/index.php\/wp-json\/wp\/v2\/media\/9105"}],"wp:attachment":[{"href":"https:\/\/www.abchukuk.com\/index.php\/wp-json\/wp\/v2\/media?parent=9104"}],"wp:term":[{"taxonomy":"category","embeddable":true,"href":"https:\/\/www.abchukuk.com\/index.php\/wp-json\/wp\/v2\/categories?post=9104"},{"taxonomy":"post_tag","embeddable":true,"href":"https:\/\/www.abchukuk.com\/index.php\/wp-json\/wp\/v2\/tags?post=9104"}],"curies":[{"name":"wp","href":"https:\/\/api.w.org\/{rel}","templated":true}]}}