{"id":9096,"date":"2025-10-23T13:15:00","date_gmt":"2025-10-23T13:15:00","guid":{"rendered":"https:\/\/www.abchukuk.com\/index.php\/2025\/10\/23\/chpli-osenden-vergi-kanunu-tepkisi-akpnin-ekonomiden-anladigi-siki-para-gevsek-maliye-politikasi\/"},"modified":"2025-10-23T13:15:00","modified_gmt":"2025-10-23T13:15:00","slug":"chpli-osenden-vergi-kanunu-tepkisi-akpnin-ekonomiden-anladigi-siki-para-gevsek-maliye-politikasi","status":"publish","type":"post","link":"https:\/\/www.abchukuk.com\/index.php\/2025\/10\/23\/chpli-osenden-vergi-kanunu-tepkisi-akpnin-ekonomiden-anladigi-siki-para-gevsek-maliye-politikasi\/","title":{"rendered":"CHP&#8217;li \u00d6sen\u2019den vergi kanunu tepkisi: &#8216;AKP\u2019nin ekonomiden anlad\u0131\u011f\u0131 s\u0131k\u0131 para gev\u015fek maliye politikas\u0131&#8217;"},"content":{"rendered":"<p>CHP \u0130zmir Milletvekili Seda Kaya \u00d6sen, Vergi Kanunu Teklifi g\u00f6r\u00fc\u015fmelerinde AKP\u2019yi sert s\u00f6zlerle ele\u015ftirdi. \u00d6sen, h\u00fck\u00fcmetin vatanda\u015f\u0131n y\u00fck\u00fcn\u00fc art\u0131r\u0131rken kamu harcamalar\u0131nda s\u0131n\u0131r tan\u0131mad\u0131\u011f\u0131n\u0131 s\u00f6yledi. AKP\u2019nin ekonomide savurganl\u0131k politikas\u0131 izledi\u011fini vurgulad\u0131.CHP \u0130zmir Milletvekili Seda Kaya \u00d6sen, Vergi Kanunu Teklifi g\u00f6r\u00fc\u015fmelerinde AKP\u2019yi sert s\u00f6zlerle ele\u015ftirdi. \u00d6sen, h\u00fck\u00fcmetin vatanda\u015f\u0131n y\u00fck\u00fcn\u00fc art\u0131r\u0131rken kamu harcamalar\u0131nda s\u0131n\u0131r tan\u0131mad\u0131\u011f\u0131n\u0131 s\u00f6yledi. AKP\u2019nin ekonomide savurganl\u0131k politikas\u0131 izledi\u011fini vurgulad\u0131.\u00a0<a href=\"https:\/\/www.cumhuriyet.com.tr\/ekonomi\/chp-li-osen-den-vergi-kanunu-tepkisi-akp-nin-ekonomiden-anladigi-siki-para-gevsek-maliye-politikasi-2446300\" target=\"_blank\" class=\"feedzy-rss-link-icon\">Read More<\/a><\/p>","protected":false},"excerpt":{"rendered":"<p>CHP \u0130zmir Milletvekili Seda Kaya \u00d6sen, Vergi Kanunu Teklifi g\u00f6r\u00fc\u015fmelerinde AKP\u2019yi sert s\u00f6zlerle ele\u015ftirdi. \u00d6sen, h\u00fck\u00fcmetin vatanda\u015f\u0131n y\u00fck\u00fcn\u00fc art\u0131r\u0131rken kamu harcamalar\u0131nda s\u0131n\u0131r tan\u0131mad\u0131\u011f\u0131n\u0131 s\u00f6yledi. AKP\u2019nin ekonomide savurganl\u0131k politikas\u0131 izledi\u011fini vurgulad\u0131.CHP \u0130zmir Milletvekili Seda Kaya \u00d6sen, Vergi Kanunu Teklifi g\u00f6r\u00fc\u015fmelerinde AKP\u2019yi sert s\u00f6zlerle ele\u015ftirdi. \u00d6sen, h\u00fck\u00fcmetin vatanda\u015f\u0131n y\u00fck\u00fcn\u00fc art\u0131r\u0131rken kamu harcamalar\u0131nda s\u0131n\u0131r tan\u0131mad\u0131\u011f\u0131n\u0131 s\u00f6yledi. AKP\u2019nin ekonomide [&hellip;]<\/p>\n","protected":false},"author":1,"featured_media":9097,"comment_status":"open","ping_status":"open","sticky":false,"template":"","format":"standard","meta":{"footnotes":"","_links_to":"","_links_to_target":""},"categories":[1],"tags":[],"class_list":["post-9096","post","type-post","status-publish","format-standard","has-post-thumbnail","hentry","category-haberler"],"_links":{"self":[{"href":"https:\/\/www.abchukuk.com\/index.php\/wp-json\/wp\/v2\/posts\/9096","targetHints":{"allow":["GET"]}}],"collection":[{"href":"https:\/\/www.abchukuk.com\/index.php\/wp-json\/wp\/v2\/posts"}],"about":[{"href":"https:\/\/www.abchukuk.com\/index.php\/wp-json\/wp\/v2\/types\/post"}],"author":[{"embeddable":true,"href":"https:\/\/www.abchukuk.com\/index.php\/wp-json\/wp\/v2\/users\/1"}],"replies":[{"embeddable":true,"href":"https:\/\/www.abchukuk.com\/index.php\/wp-json\/wp\/v2\/comments?post=9096"}],"version-history":[{"count":0,"href":"https:\/\/www.abchukuk.com\/index.php\/wp-json\/wp\/v2\/posts\/9096\/revisions"}],"wp:featuredmedia":[{"embeddable":true,"href":"https:\/\/www.abchukuk.com\/index.php\/wp-json\/wp\/v2\/media\/9097"}],"wp:attachment":[{"href":"https:\/\/www.abchukuk.com\/index.php\/wp-json\/wp\/v2\/media?parent=9096"}],"wp:term":[{"taxonomy":"category","embeddable":true,"href":"https:\/\/www.abchukuk.com\/index.php\/wp-json\/wp\/v2\/categories?post=9096"},{"taxonomy":"post_tag","embeddable":true,"href":"https:\/\/www.abchukuk.com\/index.php\/wp-json\/wp\/v2\/tags?post=9096"}],"curies":[{"name":"wp","href":"https:\/\/api.w.org\/{rel}","templated":true}]}}